{"id":22761,"date":"2025-08-28T13:13:14","date_gmt":"2025-08-28T13:13:14","guid":{"rendered":"https:\/\/www.terme-topolsica.si\/non-categorizzato\/fitnes-wellness-zala\/"},"modified":"2025-09-18T12:57:25","modified_gmt":"2025-09-18T10:57:25","slug":"fitnes-wellness-zala","status":"publish","type":"post","link":"https:\/\/www.terme-topolsica.si\/it\/notizie\/fitnes-wellness-zala\/","title":{"rendered":"NOVIT\u00c0: Fitness nel centro benessere Zala di nuovo aperto"},"content":{"rendered":"\n<p class=\"has-text-align-left\">Siamo lieti di informarvi che la palestra del Centro Benessere Zala \u00e8 di nuovo aperta!<br\/>\u00c8 a vostra disposizione uno spazio moderno e ben attrezzato dove potete prendervi cura della vostra forma fisica e del vostro benessere.<\/p>\n\n<p class=\"has-text-align-left\">La palestra \u00e8 aperta sia <strong>agli ospiti dell\u2019hotel che ai visitatori esterni<\/strong> \u2013 siete tutti invitati a fare qualcosa di buono per voi stessi e migliorare la vostra condizione fisica.<\/p>\n\n<p class=\"has-text-align-left\">Unitevi a noi e fate un passo verso uno stile di vita pi\u00f9 sano!<\/p>\n\n<p class=\"has-text-align-left\"><strong>Orari di apertura:<\/strong><\/p>\n\n<p class=\"has-text-align-left\">La palestra \u00e8 aperta tutti i giorni dalle 9:00 alle 21:00.<\/p>\n\n<p class=\"has-text-align-left\"><strong>Listino prezzi:<\/strong><\/p>\n\n<ul class=\"wp-block-list\">\n<li>Ingresso singolo: 8 EUR<\/li>\n\n\n\n<li>Abbonamento mensile: 45 EUR<\/li>\n\n\n\n<li>NOVIT\u00c0: Abbonamento mensile (fitness + 1h piscina): 105 EUR<\/li>\n<\/ul>\n\n<p> <\/p>\n\n<p>       <\/p>\n\n<p class=\"has-text-align-center has-text-color has-link-color wp-elements-b4eafa171e4038dbbb4973030ea9b9cb\" style=\"color:#d76060\"><strong>OFFERTA SPECIALE PER IL MESE DI SETTEMBRE: <\/strong><\/p>\n\n<p class=\"has-text-align-center has-text-color has-link-color wp-elements-a84fc24a6a0f985860b189b097621580\" style=\"color:#d76060\"><strong>Sconto del 20% sugli abbonamenti mensili e del 25% sugli abbonamenti semestrali.<\/strong><\/p>\n\n<p class=\"has-text-align-center\"><em>I biglietti sono disponibili alla reception dell\u2019Hotel Vesna.<\/em><\/p>\n\n<p>        <\/p>\n\n<figure class=\"wp-block-image size-large is-resized\"><img fetchpriority=\"high\" decoding=\"async\" width=\"1024\" height=\"683\" src=\"https:\/\/www.terme-topolsica.si\/wp-content\/uploads\/2025\/08\/IMG_4709-1024x683.jpg\" alt=\"\" class=\"wp-image-21582\" style=\"width:550px;height:auto\" srcset=\"https:\/\/www.terme-topolsica.si\/wp-content\/uploads\/2025\/08\/IMG_4709-1024x683.jpg 1024w, https:\/\/www.terme-topolsica.si\/wp-content\/uploads\/2025\/08\/IMG_4709-300x200.jpg 300w, https:\/\/www.terme-topolsica.si\/wp-content\/uploads\/2025\/08\/IMG_4709-768x512.jpg 768w, https:\/\/www.terme-topolsica.si\/wp-content\/uploads\/2025\/08\/IMG_4709-1536x1024.jpg 1536w, https:\/\/www.terme-topolsica.si\/wp-content\/uploads\/2025\/08\/IMG_4709-600x400.jpg 600w, https:\/\/www.terme-topolsica.si\/wp-content\/uploads\/2025\/08\/IMG_4709.jpg 2048w\" sizes=\"(max-width: 1024px) 100vw, 1024px\" \/><\/figure>\n\n<figure class=\"wp-block-image size-large is-resized\"><img decoding=\"async\" width=\"1024\" height=\"683\" src=\"https:\/\/www.terme-topolsica.si\/wp-content\/uploads\/2025\/08\/IMG_4989-1024x683.jpg\" alt=\"\" class=\"wp-image-21577\" style=\"width:552px;height:auto\" srcset=\"https:\/\/www.terme-topolsica.si\/wp-content\/uploads\/2025\/08\/IMG_4989-1024x683.jpg 1024w, https:\/\/www.terme-topolsica.si\/wp-content\/uploads\/2025\/08\/IMG_4989-300x200.jpg 300w, https:\/\/www.terme-topolsica.si\/wp-content\/uploads\/2025\/08\/IMG_4989-768x512.jpg 768w, https:\/\/www.terme-topolsica.si\/wp-content\/uploads\/2025\/08\/IMG_4989-1536x1024.jpg 1536w, https:\/\/www.terme-topolsica.si\/wp-content\/uploads\/2025\/08\/IMG_4989-600x400.jpg 600w, https:\/\/www.terme-topolsica.si\/wp-content\/uploads\/2025\/08\/IMG_4989.jpg 2048w\" sizes=\"(max-width: 1024px) 100vw, 1024px\" \/><\/figure>\n\n<figure class=\"wp-block-image size-large is-resized\"><img decoding=\"async\" width=\"1024\" height=\"683\" src=\"https:\/\/www.terme-topolsica.si\/wp-content\/uploads\/2025\/08\/IMG_4766-1024x683.jpg\" alt=\"\" class=\"wp-image-21572\" style=\"width:552px;height:auto\" srcset=\"https:\/\/www.terme-topolsica.si\/wp-content\/uploads\/2025\/08\/IMG_4766-1024x683.jpg 1024w, https:\/\/www.terme-topolsica.si\/wp-content\/uploads\/2025\/08\/IMG_4766-300x200.jpg 300w, https:\/\/www.terme-topolsica.si\/wp-content\/uploads\/2025\/08\/IMG_4766-768x512.jpg 768w, https:\/\/www.terme-topolsica.si\/wp-content\/uploads\/2025\/08\/IMG_4766-1536x1024.jpg 1536w, https:\/\/www.terme-topolsica.si\/wp-content\/uploads\/2025\/08\/IMG_4766-600x400.jpg 600w, https:\/\/www.terme-topolsica.si\/wp-content\/uploads\/2025\/08\/IMG_4766.jpg 2048w\" sizes=\"(max-width: 1024px) 100vw, 1024px\" \/><\/figure>\n\n<p><\/p>\n","protected":false},"excerpt":{"rendered":"<p>Siamo lieti di informarvi che la palestra del Centro Benessere Zala \u00e8 di nuovo aperta!\u00c8 a vostra disposizione uno spazio moderno e ben attrezzato dove potete prendervi cura della vostra forma fisica e del vostro benessere. La palestra \u00e8 aperta sia agli ospiti dell\u2019hotel che ai visitatori esterni \u2013 siete tutti invitati a fare qualcosa [&hellip;]<\/p>\n","protected":false},"author":36,"featured_media":21557,"comment_status":"closed","ping_status":"open","sticky":false,"template":"","format":"standard","meta":{"footnotes":""},"categories":[148],"tags":[],"class_list":["post-22761","post","type-post","status-publish","format-standard","has-post-thumbnail","hentry","category-notizie"],"yoast_head":"<!-- This site is optimized with the Yoast SEO plugin v26.9 - https:\/\/yoast.com\/product\/yoast-seo-wordpress\/ -->\n<title>NOVIT\u00c0: Fitness nel centro benessere Zala di nuovo aperto - Terme Topol\u0161ica<\/title>\n<meta name=\"description\" content=\"La palestra del Centro Benessere Zala \u00e8 di nuovo disponibile per gli ospiti dell\u2019hotel e per i visitatori esterni. Fate un passo verso uno stile di vita pi\u00f9 sano.\" \/>\n<meta name=\"robots\" content=\"index, follow, max-snippet:-1, max-image-preview:large, max-video-preview:-1\" \/>\n<link rel=\"canonical\" href=\"https:\/\/www.terme-topolsica.si\/it\/notizie\/fitnes-wellness-zala\/\" \/>\n<meta property=\"og:locale\" content=\"it_IT\" \/>\n<meta property=\"og:type\" content=\"article\" \/>\n<meta property=\"og:title\" content=\"NOVIT\u00c0: Fitness nel centro benessere Zala di nuovo aperto - Terme Topol\u0161ica\" \/>\n<meta property=\"og:description\" content=\"La palestra del Centro Benessere Zala \u00e8 di nuovo disponibile per gli ospiti dell\u2019hotel e per i visitatori esterni. Fate un passo verso uno stile di vita pi\u00f9 sano.\" \/>\n<meta property=\"og:url\" content=\"https:\/\/www.terme-topolsica.si\/it\/notizie\/fitnes-wellness-zala\/\" \/>\n<meta property=\"og:site_name\" content=\"Terme Topol\u0161ica\" \/>\n<meta property=\"article:publisher\" content=\"https:\/\/www.facebook.com\/TermeTopolsica\" \/>\n<meta property=\"article:published_time\" content=\"2025-08-28T13:13:14+00:00\" \/>\n<meta property=\"article:modified_time\" content=\"2025-09-18T10:57:25+00:00\" \/>\n<meta property=\"og:image\" content=\"https:\/\/www.terme-topolsica.si\/wp-content\/uploads\/2025\/08\/IMG_2007-scaled.webp\" \/>\n\t<meta property=\"og:image:width\" content=\"1536\" \/>\n\t<meta property=\"og:image:height\" content=\"2048\" \/>\n\t<meta property=\"og:image:type\" content=\"image\/webp\" \/>\n<meta name=\"author\" content=\"Sabina\" \/>\n<meta name=\"twitter:card\" content=\"summary_large_image\" \/>\n<meta name=\"twitter:label1\" content=\"Scritto da\" \/>\n\t<meta name=\"twitter:data1\" content=\"Sabina\" \/>\n\t<meta name=\"twitter:label2\" content=\"Tempo di lettura stimato\" \/>\n\t<meta name=\"twitter:data2\" content=\"1 minuto\" \/>\n<script type=\"application\/ld+json\" class=\"yoast-schema-graph\">{\"@context\":\"https:\/\/schema.org\",\"@graph\":[{\"@type\":\"Article\",\"@id\":\"https:\/\/www.terme-topolsica.si\/it\/notizie\/fitnes-wellness-zala\/#article\",\"isPartOf\":{\"@id\":\"https:\/\/www.terme-topolsica.si\/it\/notizie\/fitnes-wellness-zala\/\"},\"author\":{\"name\":\"Sabina\",\"@id\":\"https:\/\/www.terme-topolsica.si\/it\/#\/schema\/person\/3a0f334793919e6badd35caf72a454c7\"},\"headline\":\"NOVIT\u00c0: Fitness nel centro benessere Zala di nuovo aperto\",\"datePublished\":\"2025-08-28T13:13:14+00:00\",\"dateModified\":\"2025-09-18T10:57:25+00:00\",\"mainEntityOfPage\":{\"@id\":\"https:\/\/www.terme-topolsica.si\/it\/notizie\/fitnes-wellness-zala\/\"},\"wordCount\":139,\"publisher\":{\"@id\":\"https:\/\/www.terme-topolsica.si\/it\/#organization\"},\"image\":{\"@id\":\"https:\/\/www.terme-topolsica.si\/it\/notizie\/fitnes-wellness-zala\/#primaryimage\"},\"thumbnailUrl\":\"https:\/\/www.terme-topolsica.si\/wp-content\/uploads\/2025\/08\/IMG_2007-scaled.webp\",\"articleSection\":[\"Notizie\"],\"inLanguage\":\"it-IT\"},{\"@type\":\"WebPage\",\"@id\":\"https:\/\/www.terme-topolsica.si\/it\/notizie\/fitnes-wellness-zala\/\",\"url\":\"https:\/\/www.terme-topolsica.si\/it\/notizie\/fitnes-wellness-zala\/\",\"name\":\"NOVIT\u00c0: Fitness nel centro benessere Zala di nuovo aperto - Terme Topol\u0161ica\",\"isPartOf\":{\"@id\":\"https:\/\/www.terme-topolsica.si\/it\/#website\"},\"primaryImageOfPage\":{\"@id\":\"https:\/\/www.terme-topolsica.si\/it\/notizie\/fitnes-wellness-zala\/#primaryimage\"},\"image\":{\"@id\":\"https:\/\/www.terme-topolsica.si\/it\/notizie\/fitnes-wellness-zala\/#primaryimage\"},\"thumbnailUrl\":\"https:\/\/www.terme-topolsica.si\/wp-content\/uploads\/2025\/08\/IMG_2007-scaled.webp\",\"datePublished\":\"2025-08-28T13:13:14+00:00\",\"dateModified\":\"2025-09-18T10:57:25+00:00\",\"description\":\"La palestra del Centro Benessere Zala \u00e8 di nuovo disponibile per gli ospiti dell\u2019hotel e per i visitatori esterni. Fate un passo verso uno stile di vita pi\u00f9 sano.\",\"breadcrumb\":{\"@id\":\"https:\/\/www.terme-topolsica.si\/it\/notizie\/fitnes-wellness-zala\/#breadcrumb\"},\"inLanguage\":\"it-IT\",\"potentialAction\":[{\"@type\":\"ReadAction\",\"target\":[\"https:\/\/www.terme-topolsica.si\/it\/notizie\/fitnes-wellness-zala\/\"]}]},{\"@type\":\"ImageObject\",\"inLanguage\":\"it-IT\",\"@id\":\"https:\/\/www.terme-topolsica.si\/it\/notizie\/fitnes-wellness-zala\/#primaryimage\",\"url\":\"https:\/\/www.terme-topolsica.si\/wp-content\/uploads\/2025\/08\/IMG_2007-scaled.webp\",\"contentUrl\":\"https:\/\/www.terme-topolsica.si\/wp-content\/uploads\/2025\/08\/IMG_2007-scaled.webp\",\"width\":1536,\"height\":2048},{\"@type\":\"BreadcrumbList\",\"@id\":\"https:\/\/www.terme-topolsica.si\/it\/notizie\/fitnes-wellness-zala\/#breadcrumb\",\"itemListElement\":[{\"@type\":\"ListItem\",\"position\":1,\"name\":\"Domov\",\"item\":\"https:\/\/www.terme-topolsica.si\/it\/\"},{\"@type\":\"ListItem\",\"position\":2,\"name\":\"Notizie\",\"item\":\"https:\/\/www.terme-topolsica.si\/it\/kategorija\/notizie\/\"},{\"@type\":\"ListItem\",\"position\":3,\"name\":\"NOVIT\u00c0: Fitness nel centro benessere Zala di nuovo aperto\"}]},{\"@type\":\"WebSite\",\"@id\":\"https:\/\/www.terme-topolsica.si\/it\/#website\",\"url\":\"https:\/\/www.terme-topolsica.si\/it\/\",\"name\":\"Terme Topol\u0161ica\",\"description\":\"Termalni oddih in edinstveno do\u017eivetje\",\"publisher\":{\"@id\":\"https:\/\/www.terme-topolsica.si\/it\/#organization\"},\"potentialAction\":[{\"@type\":\"SearchAction\",\"target\":{\"@type\":\"EntryPoint\",\"urlTemplate\":\"https:\/\/www.terme-topolsica.si\/it\/?s={search_term_string}\"},\"query-input\":{\"@type\":\"PropertyValueSpecification\",\"valueRequired\":true,\"valueName\":\"search_term_string\"}}],\"inLanguage\":\"it-IT\"},{\"@type\":\"Organization\",\"@id\":\"https:\/\/www.terme-topolsica.si\/it\/#organization\",\"name\":\"Terme Topol\u0161ica\",\"url\":\"https:\/\/www.terme-topolsica.si\/it\/\",\"logo\":{\"@type\":\"ImageObject\",\"inLanguage\":\"it-IT\",\"@id\":\"https:\/\/www.terme-topolsica.si\/it\/#\/schema\/logo\/image\/\",\"url\":\"https:\/\/www.terme-topolsica.si\/wp-content\/uploads\/2021\/06\/logo-terme-topolsica-1.png\",\"contentUrl\":\"https:\/\/www.terme-topolsica.si\/wp-content\/uploads\/2021\/06\/logo-terme-topolsica-1.png\",\"width\":340,\"height\":156,\"caption\":\"Terme Topol\u0161ica\"},\"image\":{\"@id\":\"https:\/\/www.terme-topolsica.si\/it\/#\/schema\/logo\/image\/\"},\"sameAs\":[\"https:\/\/www.facebook.com\/TermeTopolsica\",\"https:\/\/www.instagram.com\/termetopolsica\/\",\"https:\/\/www.linkedin.com\/company\/terme-topolsica\/\"]},{\"@type\":\"Person\",\"@id\":\"https:\/\/www.terme-topolsica.si\/it\/#\/schema\/person\/3a0f334793919e6badd35caf72a454c7\",\"name\":\"Sabina\",\"image\":{\"@type\":\"ImageObject\",\"inLanguage\":\"it-IT\",\"@id\":\"https:\/\/www.terme-topolsica.si\/it\/#\/schema\/person\/image\/\",\"url\":\"https:\/\/secure.gravatar.com\/avatar\/bea9f3ccaff05408b514ec07bfaa6e1a186a36eae0694f715a3fb49a55fd5ad8?s=96&d=mm&r=g\",\"contentUrl\":\"https:\/\/secure.gravatar.com\/avatar\/bea9f3ccaff05408b514ec07bfaa6e1a186a36eae0694f715a3fb49a55fd5ad8?s=96&d=mm&r=g\",\"caption\":\"Sabina\"}}]}<\/script>\n<!-- \/ Yoast SEO plugin. -->","yoast_head_json":{"title":"NOVIT\u00c0: Fitness nel centro benessere Zala di nuovo aperto - Terme Topol\u0161ica","description":"La palestra del Centro Benessere Zala \u00e8 di nuovo disponibile per gli ospiti dell\u2019hotel e per i visitatori esterni. Fate un passo verso uno stile di vita pi\u00f9 sano.","robots":{"index":"index","follow":"follow","max-snippet":"max-snippet:-1","max-image-preview":"max-image-preview:large","max-video-preview":"max-video-preview:-1"},"canonical":"https:\/\/www.terme-topolsica.si\/it\/notizie\/fitnes-wellness-zala\/","og_locale":"it_IT","og_type":"article","og_title":"NOVIT\u00c0: Fitness nel centro benessere Zala di nuovo aperto - Terme Topol\u0161ica","og_description":"La palestra del Centro Benessere Zala \u00e8 di nuovo disponibile per gli ospiti dell\u2019hotel e per i visitatori esterni. Fate un passo verso uno stile di vita pi\u00f9 sano.","og_url":"https:\/\/www.terme-topolsica.si\/it\/notizie\/fitnes-wellness-zala\/","og_site_name":"Terme Topol\u0161ica","article_publisher":"https:\/\/www.facebook.com\/TermeTopolsica","article_published_time":"2025-08-28T13:13:14+00:00","article_modified_time":"2025-09-18T10:57:25+00:00","og_image":[{"width":1536,"height":2048,"url":"https:\/\/www.terme-topolsica.si\/wp-content\/uploads\/2025\/08\/IMG_2007-scaled.webp","type":"image\/webp"}],"author":"Sabina","twitter_card":"summary_large_image","twitter_misc":{"Scritto da":"Sabina","Tempo di lettura stimato":"1 minuto"},"schema":{"@context":"https:\/\/schema.org","@graph":[{"@type":"Article","@id":"https:\/\/www.terme-topolsica.si\/it\/notizie\/fitnes-wellness-zala\/#article","isPartOf":{"@id":"https:\/\/www.terme-topolsica.si\/it\/notizie\/fitnes-wellness-zala\/"},"author":{"name":"Sabina","@id":"https:\/\/www.terme-topolsica.si\/it\/#\/schema\/person\/3a0f334793919e6badd35caf72a454c7"},"headline":"NOVIT\u00c0: Fitness nel centro benessere Zala di nuovo aperto","datePublished":"2025-08-28T13:13:14+00:00","dateModified":"2025-09-18T10:57:25+00:00","mainEntityOfPage":{"@id":"https:\/\/www.terme-topolsica.si\/it\/notizie\/fitnes-wellness-zala\/"},"wordCount":139,"publisher":{"@id":"https:\/\/www.terme-topolsica.si\/it\/#organization"},"image":{"@id":"https:\/\/www.terme-topolsica.si\/it\/notizie\/fitnes-wellness-zala\/#primaryimage"},"thumbnailUrl":"https:\/\/www.terme-topolsica.si\/wp-content\/uploads\/2025\/08\/IMG_2007-scaled.webp","articleSection":["Notizie"],"inLanguage":"it-IT"},{"@type":"WebPage","@id":"https:\/\/www.terme-topolsica.si\/it\/notizie\/fitnes-wellness-zala\/","url":"https:\/\/www.terme-topolsica.si\/it\/notizie\/fitnes-wellness-zala\/","name":"NOVIT\u00c0: Fitness nel centro benessere Zala di nuovo aperto - Terme Topol\u0161ica","isPartOf":{"@id":"https:\/\/www.terme-topolsica.si\/it\/#website"},"primaryImageOfPage":{"@id":"https:\/\/www.terme-topolsica.si\/it\/notizie\/fitnes-wellness-zala\/#primaryimage"},"image":{"@id":"https:\/\/www.terme-topolsica.si\/it\/notizie\/fitnes-wellness-zala\/#primaryimage"},"thumbnailUrl":"https:\/\/www.terme-topolsica.si\/wp-content\/uploads\/2025\/08\/IMG_2007-scaled.webp","datePublished":"2025-08-28T13:13:14+00:00","dateModified":"2025-09-18T10:57:25+00:00","description":"La palestra del Centro Benessere Zala \u00e8 di nuovo disponibile per gli ospiti dell\u2019hotel e per i visitatori esterni. Fate un passo verso uno stile di vita pi\u00f9 sano.","breadcrumb":{"@id":"https:\/\/www.terme-topolsica.si\/it\/notizie\/fitnes-wellness-zala\/#breadcrumb"},"inLanguage":"it-IT","potentialAction":[{"@type":"ReadAction","target":["https:\/\/www.terme-topolsica.si\/it\/notizie\/fitnes-wellness-zala\/"]}]},{"@type":"ImageObject","inLanguage":"it-IT","@id":"https:\/\/www.terme-topolsica.si\/it\/notizie\/fitnes-wellness-zala\/#primaryimage","url":"https:\/\/www.terme-topolsica.si\/wp-content\/uploads\/2025\/08\/IMG_2007-scaled.webp","contentUrl":"https:\/\/www.terme-topolsica.si\/wp-content\/uploads\/2025\/08\/IMG_2007-scaled.webp","width":1536,"height":2048},{"@type":"BreadcrumbList","@id":"https:\/\/www.terme-topolsica.si\/it\/notizie\/fitnes-wellness-zala\/#breadcrumb","itemListElement":[{"@type":"ListItem","position":1,"name":"Domov","item":"https:\/\/www.terme-topolsica.si\/it\/"},{"@type":"ListItem","position":2,"name":"Notizie","item":"https:\/\/www.terme-topolsica.si\/it\/kategorija\/notizie\/"},{"@type":"ListItem","position":3,"name":"NOVIT\u00c0: Fitness nel centro benessere Zala di nuovo aperto"}]},{"@type":"WebSite","@id":"https:\/\/www.terme-topolsica.si\/it\/#website","url":"https:\/\/www.terme-topolsica.si\/it\/","name":"Terme Topol\u0161ica","description":"Termalni oddih in edinstveno do\u017eivetje","publisher":{"@id":"https:\/\/www.terme-topolsica.si\/it\/#organization"},"potentialAction":[{"@type":"SearchAction","target":{"@type":"EntryPoint","urlTemplate":"https:\/\/www.terme-topolsica.si\/it\/?s={search_term_string}"},"query-input":{"@type":"PropertyValueSpecification","valueRequired":true,"valueName":"search_term_string"}}],"inLanguage":"it-IT"},{"@type":"Organization","@id":"https:\/\/www.terme-topolsica.si\/it\/#organization","name":"Terme Topol\u0161ica","url":"https:\/\/www.terme-topolsica.si\/it\/","logo":{"@type":"ImageObject","inLanguage":"it-IT","@id":"https:\/\/www.terme-topolsica.si\/it\/#\/schema\/logo\/image\/","url":"https:\/\/www.terme-topolsica.si\/wp-content\/uploads\/2021\/06\/logo-terme-topolsica-1.png","contentUrl":"https:\/\/www.terme-topolsica.si\/wp-content\/uploads\/2021\/06\/logo-terme-topolsica-1.png","width":340,"height":156,"caption":"Terme Topol\u0161ica"},"image":{"@id":"https:\/\/www.terme-topolsica.si\/it\/#\/schema\/logo\/image\/"},"sameAs":["https:\/\/www.facebook.com\/TermeTopolsica","https:\/\/www.instagram.com\/termetopolsica\/","https:\/\/www.linkedin.com\/company\/terme-topolsica\/"]},{"@type":"Person","@id":"https:\/\/www.terme-topolsica.si\/it\/#\/schema\/person\/3a0f334793919e6badd35caf72a454c7","name":"Sabina","image":{"@type":"ImageObject","inLanguage":"it-IT","@id":"https:\/\/www.terme-topolsica.si\/it\/#\/schema\/person\/image\/","url":"https:\/\/secure.gravatar.com\/avatar\/bea9f3ccaff05408b514ec07bfaa6e1a186a36eae0694f715a3fb49a55fd5ad8?s=96&d=mm&r=g","contentUrl":"https:\/\/secure.gravatar.com\/avatar\/bea9f3ccaff05408b514ec07bfaa6e1a186a36eae0694f715a3fb49a55fd5ad8?s=96&d=mm&r=g","caption":"Sabina"}}]}},"_links":{"self":[{"href":"https:\/\/www.terme-topolsica.si\/it\/wp-json\/wp\/v2\/posts\/22761","targetHints":{"allow":["GET"]}}],"collection":[{"href":"https:\/\/www.terme-topolsica.si\/it\/wp-json\/wp\/v2\/posts"}],"about":[{"href":"https:\/\/www.terme-topolsica.si\/it\/wp-json\/wp\/v2\/types\/post"}],"author":[{"embeddable":true,"href":"https:\/\/www.terme-topolsica.si\/it\/wp-json\/wp\/v2\/users\/36"}],"replies":[{"embeddable":true,"href":"https:\/\/www.terme-topolsica.si\/it\/wp-json\/wp\/v2\/comments?post=22761"}],"version-history":[{"count":2,"href":"https:\/\/www.terme-topolsica.si\/it\/wp-json\/wp\/v2\/posts\/22761\/revisions"}],"predecessor-version":[{"id":22769,"href":"https:\/\/www.terme-topolsica.si\/it\/wp-json\/wp\/v2\/posts\/22761\/revisions\/22769"}],"wp:featuredmedia":[{"embeddable":true,"href":"https:\/\/www.terme-topolsica.si\/it\/wp-json\/wp\/v2\/media\/21557"}],"wp:attachment":[{"href":"https:\/\/www.terme-topolsica.si\/it\/wp-json\/wp\/v2\/media?parent=22761"}],"wp:term":[{"taxonomy":"category","embeddable":true,"href":"https:\/\/www.terme-topolsica.si\/it\/wp-json\/wp\/v2\/categories?post=22761"},{"taxonomy":"post_tag","embeddable":true,"href":"https:\/\/www.terme-topolsica.si\/it\/wp-json\/wp\/v2\/tags?post=22761"}],"curies":[{"name":"wp","href":"https:\/\/api.w.org\/{rel}","templated":true}]}}