{"id":22888,"date":"2025-09-24T15:20:57","date_gmt":"2025-09-24T13:20:57","guid":{"rendered":"https:\/\/www.terme-topolsica.si\/unkategorisiert\/ferienanimation-fuer-kinder\/"},"modified":"2025-09-24T15:20:57","modified_gmt":"2025-09-24T13:20:57","slug":"ferienanimation-fuer-kinder","status":"publish","type":"post","link":"https:\/\/www.terme-topolsica.si\/de\/nachrichten\/ferienanimation-fuer-kinder\/","title":{"rendered":"Ferienanimation f\u00fcr Kinder"},"content":{"rendered":"\n<p>Verbringen Sie die Herbstschulferien mit uns, denn wir haben ein lustiges Animationsprogramm f\u00fcr Kinder vorbereitet! <\/p>\n\n<p>Die Animation findet <strong>von 16:00 bis 18:00<\/strong> <strong>Uhr<\/strong> <strong>im gro\u00dfen Saal im 1. Stock des Hotels Vesna statt. <\/strong>.  <\/p>\n\n<p>Wir haben ein abwechslungsreiches und spannendes Programm vorbereitet, das die Kreativit\u00e4t, den Spa\u00df und die Freude unserer j\u00fcngsten G\u00e4ste f\u00f6rdert.<\/p>\n\n<figure class=\"wp-block-image size-full\"><img fetchpriority=\"high\" decoding=\"async\" width=\"404\" height=\"573\" src=\"https:\/\/www.terme-topolsica.si\/wp-content\/uploads\/2025\/09\/animacija.png\" alt=\"\" class=\"wp-image-22875\" srcset=\"https:\/\/www.terme-topolsica.si\/wp-content\/uploads\/2025\/09\/animacija.png 404w, https:\/\/www.terme-topolsica.si\/wp-content\/uploads\/2025\/09\/animacija-212x300.png 212w\" sizes=\"(max-width: 404px) 100vw, 404px\" \/><\/figure>\n\n<p><strong>Kommen Sie vorbei und schaffen Sie gemeinsam mit uns unvergessliche Ferienerinnerungen!<\/strong><\/p>\n\n<p><\/p>\n","protected":false},"excerpt":{"rendered":"<p>Verbringen Sie die Herbstschulferien mit uns, denn wir haben ein lustiges Animationsprogramm f\u00fcr Kinder vorbereitet! Die Animation findet von 16:00 bis 18:00 Uhr im gro\u00dfen Saal im 1. Stock des Hotels Vesna statt. . Wir haben ein abwechslungsreiches und spannendes Programm vorbereitet, das die Kreativit\u00e4t, den Spa\u00df und die Freude unserer j\u00fcngsten G\u00e4ste f\u00f6rdert. Kommen [&hellip;]<\/p>\n","protected":false},"author":36,"featured_media":22603,"comment_status":"closed","ping_status":"open","sticky":false,"template":"","format":"standard","meta":{"footnotes":""},"categories":[146],"tags":[],"class_list":["post-22888","post","type-post","status-publish","format-standard","has-post-thumbnail","hentry","category-nachrichten"],"yoast_head":"<!-- This site is optimized with the Yoast SEO plugin v26.9 - https:\/\/yoast.com\/product\/yoast-seo-wordpress\/ -->\n<title>Ferienanimation f\u00fcr Kinder - Terme Topol\u0161ica<\/title>\n<meta name=\"description\" content=\"Wir laden alle Kinder ein, uns w\u00e4hrend der Herbstferien zu einem unterhaltsamen Nachmittagsanimationsprogramm im Hotel Vesna zu begleiten.\" \/>\n<meta name=\"robots\" content=\"index, follow, max-snippet:-1, max-image-preview:large, max-video-preview:-1\" \/>\n<link rel=\"canonical\" href=\"https:\/\/www.terme-topolsica.si\/de\/nachrichten\/ferienanimation-fuer-kinder\/\" \/>\n<meta property=\"og:locale\" content=\"de_DE\" \/>\n<meta property=\"og:type\" content=\"article\" \/>\n<meta property=\"og:title\" content=\"Ferienanimation f\u00fcr Kinder - Terme Topol\u0161ica\" \/>\n<meta property=\"og:description\" content=\"Wir laden alle Kinder ein, uns w\u00e4hrend der Herbstferien zu einem unterhaltsamen Nachmittagsanimationsprogramm im Hotel Vesna zu begleiten.\" \/>\n<meta property=\"og:url\" content=\"https:\/\/www.terme-topolsica.si\/de\/nachrichten\/ferienanimation-fuer-kinder\/\" \/>\n<meta property=\"og:site_name\" content=\"Terme Topol\u0161ica\" \/>\n<meta property=\"article:publisher\" content=\"https:\/\/www.facebook.com\/TermeTopolsica\" \/>\n<meta property=\"article:published_time\" content=\"2025-09-24T13:20:57+00:00\" \/>\n<meta property=\"og:image\" content=\"https:\/\/www.terme-topolsica.si\/wp-content\/uploads\/2025\/09\/46595ef0-83a3-431e-a479-e8186069fd10-1.png\" \/>\n\t<meta property=\"og:image:width\" content=\"1000\" \/>\n\t<meta property=\"og:image:height\" content=\"667\" \/>\n\t<meta property=\"og:image:type\" content=\"image\/png\" \/>\n<meta name=\"author\" content=\"Sabina\" \/>\n<meta name=\"twitter:card\" content=\"summary_large_image\" \/>\n<meta name=\"twitter:label1\" content=\"Verfasst von\" \/>\n\t<meta name=\"twitter:data1\" content=\"Sabina\" \/>\n<script type=\"application\/ld+json\" class=\"yoast-schema-graph\">{\"@context\":\"https:\/\/schema.org\",\"@graph\":[{\"@type\":\"Article\",\"@id\":\"https:\/\/www.terme-topolsica.si\/de\/nachrichten\/ferienanimation-fuer-kinder\/#article\",\"isPartOf\":{\"@id\":\"https:\/\/www.terme-topolsica.si\/de\/nachrichten\/ferienanimation-fuer-kinder\/\"},\"author\":{\"name\":\"Sabina\",\"@id\":\"https:\/\/www.terme-topolsica.si\/de\/#\/schema\/person\/3a0f334793919e6badd35caf72a454c7\"},\"headline\":\"Ferienanimation f\u00fcr Kinder\",\"datePublished\":\"2025-09-24T13:20:57+00:00\",\"mainEntityOfPage\":{\"@id\":\"https:\/\/www.terme-topolsica.si\/de\/nachrichten\/ferienanimation-fuer-kinder\/\"},\"wordCount\":71,\"publisher\":{\"@id\":\"https:\/\/www.terme-topolsica.si\/de\/#organization\"},\"image\":{\"@id\":\"https:\/\/www.terme-topolsica.si\/de\/nachrichten\/ferienanimation-fuer-kinder\/#primaryimage\"},\"thumbnailUrl\":\"https:\/\/www.terme-topolsica.si\/wp-content\/uploads\/2025\/09\/46595ef0-83a3-431e-a479-e8186069fd10-1.png\",\"articleSection\":[\"Nachrichten\"],\"inLanguage\":\"de\"},{\"@type\":\"WebPage\",\"@id\":\"https:\/\/www.terme-topolsica.si\/de\/nachrichten\/ferienanimation-fuer-kinder\/\",\"url\":\"https:\/\/www.terme-topolsica.si\/de\/nachrichten\/ferienanimation-fuer-kinder\/\",\"name\":\"Ferienanimation f\u00fcr Kinder - Terme Topol\u0161ica\",\"isPartOf\":{\"@id\":\"https:\/\/www.terme-topolsica.si\/de\/#website\"},\"primaryImageOfPage\":{\"@id\":\"https:\/\/www.terme-topolsica.si\/de\/nachrichten\/ferienanimation-fuer-kinder\/#primaryimage\"},\"image\":{\"@id\":\"https:\/\/www.terme-topolsica.si\/de\/nachrichten\/ferienanimation-fuer-kinder\/#primaryimage\"},\"thumbnailUrl\":\"https:\/\/www.terme-topolsica.si\/wp-content\/uploads\/2025\/09\/46595ef0-83a3-431e-a479-e8186069fd10-1.png\",\"datePublished\":\"2025-09-24T13:20:57+00:00\",\"description\":\"Wir laden alle Kinder ein, uns w\u00e4hrend der Herbstferien zu einem unterhaltsamen Nachmittagsanimationsprogramm im Hotel Vesna zu begleiten.\",\"breadcrumb\":{\"@id\":\"https:\/\/www.terme-topolsica.si\/de\/nachrichten\/ferienanimation-fuer-kinder\/#breadcrumb\"},\"inLanguage\":\"de\",\"potentialAction\":[{\"@type\":\"ReadAction\",\"target\":[\"https:\/\/www.terme-topolsica.si\/de\/nachrichten\/ferienanimation-fuer-kinder\/\"]}]},{\"@type\":\"ImageObject\",\"inLanguage\":\"de\",\"@id\":\"https:\/\/www.terme-topolsica.si\/de\/nachrichten\/ferienanimation-fuer-kinder\/#primaryimage\",\"url\":\"https:\/\/www.terme-topolsica.si\/wp-content\/uploads\/2025\/09\/46595ef0-83a3-431e-a479-e8186069fd10-1.png\",\"contentUrl\":\"https:\/\/www.terme-topolsica.si\/wp-content\/uploads\/2025\/09\/46595ef0-83a3-431e-a479-e8186069fd10-1.png\",\"width\":1000,\"height\":667},{\"@type\":\"BreadcrumbList\",\"@id\":\"https:\/\/www.terme-topolsica.si\/de\/nachrichten\/ferienanimation-fuer-kinder\/#breadcrumb\",\"itemListElement\":[{\"@type\":\"ListItem\",\"position\":1,\"name\":\"Domov\",\"item\":\"https:\/\/www.terme-topolsica.si\/de\/\"},{\"@type\":\"ListItem\",\"position\":2,\"name\":\"Unkategorisiert\",\"item\":\"https:\/\/www.terme-topolsica.si\/de\/kategorija\/unkategorisiert\/\"},{\"@type\":\"ListItem\",\"position\":3,\"name\":\"Ferienanimation f\u00fcr Kinder\"}]},{\"@type\":\"WebSite\",\"@id\":\"https:\/\/www.terme-topolsica.si\/de\/#website\",\"url\":\"https:\/\/www.terme-topolsica.si\/de\/\",\"name\":\"Terme Topol\u0161ica\",\"description\":\"Termalni oddih in edinstveno do\u017eivetje\",\"publisher\":{\"@id\":\"https:\/\/www.terme-topolsica.si\/de\/#organization\"},\"potentialAction\":[{\"@type\":\"SearchAction\",\"target\":{\"@type\":\"EntryPoint\",\"urlTemplate\":\"https:\/\/www.terme-topolsica.si\/de\/?s={search_term_string}\"},\"query-input\":{\"@type\":\"PropertyValueSpecification\",\"valueRequired\":true,\"valueName\":\"search_term_string\"}}],\"inLanguage\":\"de\"},{\"@type\":\"Organization\",\"@id\":\"https:\/\/www.terme-topolsica.si\/de\/#organization\",\"name\":\"Terme Topol\u0161ica\",\"url\":\"https:\/\/www.terme-topolsica.si\/de\/\",\"logo\":{\"@type\":\"ImageObject\",\"inLanguage\":\"de\",\"@id\":\"https:\/\/www.terme-topolsica.si\/de\/#\/schema\/logo\/image\/\",\"url\":\"https:\/\/www.terme-topolsica.si\/wp-content\/uploads\/2021\/06\/logo-terme-topolsica-1.png\",\"contentUrl\":\"https:\/\/www.terme-topolsica.si\/wp-content\/uploads\/2021\/06\/logo-terme-topolsica-1.png\",\"width\":340,\"height\":156,\"caption\":\"Terme Topol\u0161ica\"},\"image\":{\"@id\":\"https:\/\/www.terme-topolsica.si\/de\/#\/schema\/logo\/image\/\"},\"sameAs\":[\"https:\/\/www.facebook.com\/TermeTopolsica\",\"https:\/\/www.instagram.com\/termetopolsica\/\",\"https:\/\/www.linkedin.com\/company\/terme-topolsica\/\"]},{\"@type\":\"Person\",\"@id\":\"https:\/\/www.terme-topolsica.si\/de\/#\/schema\/person\/3a0f334793919e6badd35caf72a454c7\",\"name\":\"Sabina\",\"image\":{\"@type\":\"ImageObject\",\"inLanguage\":\"de\",\"@id\":\"https:\/\/www.terme-topolsica.si\/de\/#\/schema\/person\/image\/\",\"url\":\"https:\/\/secure.gravatar.com\/avatar\/bea9f3ccaff05408b514ec07bfaa6e1a186a36eae0694f715a3fb49a55fd5ad8?s=96&d=mm&r=g\",\"contentUrl\":\"https:\/\/secure.gravatar.com\/avatar\/bea9f3ccaff05408b514ec07bfaa6e1a186a36eae0694f715a3fb49a55fd5ad8?s=96&d=mm&r=g\",\"caption\":\"Sabina\"}}]}<\/script>\n<!-- \/ Yoast SEO plugin. -->","yoast_head_json":{"title":"Ferienanimation f\u00fcr Kinder - Terme Topol\u0161ica","description":"Wir laden alle Kinder ein, uns w\u00e4hrend der Herbstferien zu einem unterhaltsamen Nachmittagsanimationsprogramm im Hotel Vesna zu begleiten.","robots":{"index":"index","follow":"follow","max-snippet":"max-snippet:-1","max-image-preview":"max-image-preview:large","max-video-preview":"max-video-preview:-1"},"canonical":"https:\/\/www.terme-topolsica.si\/de\/nachrichten\/ferienanimation-fuer-kinder\/","og_locale":"de_DE","og_type":"article","og_title":"Ferienanimation f\u00fcr Kinder - Terme Topol\u0161ica","og_description":"Wir laden alle Kinder ein, uns w\u00e4hrend der Herbstferien zu einem unterhaltsamen Nachmittagsanimationsprogramm im Hotel Vesna zu begleiten.","og_url":"https:\/\/www.terme-topolsica.si\/de\/nachrichten\/ferienanimation-fuer-kinder\/","og_site_name":"Terme Topol\u0161ica","article_publisher":"https:\/\/www.facebook.com\/TermeTopolsica","article_published_time":"2025-09-24T13:20:57+00:00","og_image":[{"width":1000,"height":667,"url":"https:\/\/www.terme-topolsica.si\/wp-content\/uploads\/2025\/09\/46595ef0-83a3-431e-a479-e8186069fd10-1.png","type":"image\/png"}],"author":"Sabina","twitter_card":"summary_large_image","twitter_misc":{"Verfasst von":"Sabina"},"schema":{"@context":"https:\/\/schema.org","@graph":[{"@type":"Article","@id":"https:\/\/www.terme-topolsica.si\/de\/nachrichten\/ferienanimation-fuer-kinder\/#article","isPartOf":{"@id":"https:\/\/www.terme-topolsica.si\/de\/nachrichten\/ferienanimation-fuer-kinder\/"},"author":{"name":"Sabina","@id":"https:\/\/www.terme-topolsica.si\/de\/#\/schema\/person\/3a0f334793919e6badd35caf72a454c7"},"headline":"Ferienanimation f\u00fcr Kinder","datePublished":"2025-09-24T13:20:57+00:00","mainEntityOfPage":{"@id":"https:\/\/www.terme-topolsica.si\/de\/nachrichten\/ferienanimation-fuer-kinder\/"},"wordCount":71,"publisher":{"@id":"https:\/\/www.terme-topolsica.si\/de\/#organization"},"image":{"@id":"https:\/\/www.terme-topolsica.si\/de\/nachrichten\/ferienanimation-fuer-kinder\/#primaryimage"},"thumbnailUrl":"https:\/\/www.terme-topolsica.si\/wp-content\/uploads\/2025\/09\/46595ef0-83a3-431e-a479-e8186069fd10-1.png","articleSection":["Nachrichten"],"inLanguage":"de"},{"@type":"WebPage","@id":"https:\/\/www.terme-topolsica.si\/de\/nachrichten\/ferienanimation-fuer-kinder\/","url":"https:\/\/www.terme-topolsica.si\/de\/nachrichten\/ferienanimation-fuer-kinder\/","name":"Ferienanimation f\u00fcr Kinder - Terme Topol\u0161ica","isPartOf":{"@id":"https:\/\/www.terme-topolsica.si\/de\/#website"},"primaryImageOfPage":{"@id":"https:\/\/www.terme-topolsica.si\/de\/nachrichten\/ferienanimation-fuer-kinder\/#primaryimage"},"image":{"@id":"https:\/\/www.terme-topolsica.si\/de\/nachrichten\/ferienanimation-fuer-kinder\/#primaryimage"},"thumbnailUrl":"https:\/\/www.terme-topolsica.si\/wp-content\/uploads\/2025\/09\/46595ef0-83a3-431e-a479-e8186069fd10-1.png","datePublished":"2025-09-24T13:20:57+00:00","description":"Wir laden alle Kinder ein, uns w\u00e4hrend der Herbstferien zu einem unterhaltsamen Nachmittagsanimationsprogramm im Hotel Vesna zu begleiten.","breadcrumb":{"@id":"https:\/\/www.terme-topolsica.si\/de\/nachrichten\/ferienanimation-fuer-kinder\/#breadcrumb"},"inLanguage":"de","potentialAction":[{"@type":"ReadAction","target":["https:\/\/www.terme-topolsica.si\/de\/nachrichten\/ferienanimation-fuer-kinder\/"]}]},{"@type":"ImageObject","inLanguage":"de","@id":"https:\/\/www.terme-topolsica.si\/de\/nachrichten\/ferienanimation-fuer-kinder\/#primaryimage","url":"https:\/\/www.terme-topolsica.si\/wp-content\/uploads\/2025\/09\/46595ef0-83a3-431e-a479-e8186069fd10-1.png","contentUrl":"https:\/\/www.terme-topolsica.si\/wp-content\/uploads\/2025\/09\/46595ef0-83a3-431e-a479-e8186069fd10-1.png","width":1000,"height":667},{"@type":"BreadcrumbList","@id":"https:\/\/www.terme-topolsica.si\/de\/nachrichten\/ferienanimation-fuer-kinder\/#breadcrumb","itemListElement":[{"@type":"ListItem","position":1,"name":"Domov","item":"https:\/\/www.terme-topolsica.si\/de\/"},{"@type":"ListItem","position":2,"name":"Unkategorisiert","item":"https:\/\/www.terme-topolsica.si\/de\/kategorija\/unkategorisiert\/"},{"@type":"ListItem","position":3,"name":"Ferienanimation f\u00fcr Kinder"}]},{"@type":"WebSite","@id":"https:\/\/www.terme-topolsica.si\/de\/#website","url":"https:\/\/www.terme-topolsica.si\/de\/","name":"Terme Topol\u0161ica","description":"Termalni oddih in edinstveno do\u017eivetje","publisher":{"@id":"https:\/\/www.terme-topolsica.si\/de\/#organization"},"potentialAction":[{"@type":"SearchAction","target":{"@type":"EntryPoint","urlTemplate":"https:\/\/www.terme-topolsica.si\/de\/?s={search_term_string}"},"query-input":{"@type":"PropertyValueSpecification","valueRequired":true,"valueName":"search_term_string"}}],"inLanguage":"de"},{"@type":"Organization","@id":"https:\/\/www.terme-topolsica.si\/de\/#organization","name":"Terme Topol\u0161ica","url":"https:\/\/www.terme-topolsica.si\/de\/","logo":{"@type":"ImageObject","inLanguage":"de","@id":"https:\/\/www.terme-topolsica.si\/de\/#\/schema\/logo\/image\/","url":"https:\/\/www.terme-topolsica.si\/wp-content\/uploads\/2021\/06\/logo-terme-topolsica-1.png","contentUrl":"https:\/\/www.terme-topolsica.si\/wp-content\/uploads\/2021\/06\/logo-terme-topolsica-1.png","width":340,"height":156,"caption":"Terme Topol\u0161ica"},"image":{"@id":"https:\/\/www.terme-topolsica.si\/de\/#\/schema\/logo\/image\/"},"sameAs":["https:\/\/www.facebook.com\/TermeTopolsica","https:\/\/www.instagram.com\/termetopolsica\/","https:\/\/www.linkedin.com\/company\/terme-topolsica\/"]},{"@type":"Person","@id":"https:\/\/www.terme-topolsica.si\/de\/#\/schema\/person\/3a0f334793919e6badd35caf72a454c7","name":"Sabina","image":{"@type":"ImageObject","inLanguage":"de","@id":"https:\/\/www.terme-topolsica.si\/de\/#\/schema\/person\/image\/","url":"https:\/\/secure.gravatar.com\/avatar\/bea9f3ccaff05408b514ec07bfaa6e1a186a36eae0694f715a3fb49a55fd5ad8?s=96&d=mm&r=g","contentUrl":"https:\/\/secure.gravatar.com\/avatar\/bea9f3ccaff05408b514ec07bfaa6e1a186a36eae0694f715a3fb49a55fd5ad8?s=96&d=mm&r=g","caption":"Sabina"}}]}},"_links":{"self":[{"href":"https:\/\/www.terme-topolsica.si\/de\/wp-json\/wp\/v2\/posts\/22888","targetHints":{"allow":["GET"]}}],"collection":[{"href":"https:\/\/www.terme-topolsica.si\/de\/wp-json\/wp\/v2\/posts"}],"about":[{"href":"https:\/\/www.terme-topolsica.si\/de\/wp-json\/wp\/v2\/types\/post"}],"author":[{"embeddable":true,"href":"https:\/\/www.terme-topolsica.si\/de\/wp-json\/wp\/v2\/users\/36"}],"replies":[{"embeddable":true,"href":"https:\/\/www.terme-topolsica.si\/de\/wp-json\/wp\/v2\/comments?post=22888"}],"version-history":[{"count":1,"href":"https:\/\/www.terme-topolsica.si\/de\/wp-json\/wp\/v2\/posts\/22888\/revisions"}],"predecessor-version":[{"id":22889,"href":"https:\/\/www.terme-topolsica.si\/de\/wp-json\/wp\/v2\/posts\/22888\/revisions\/22889"}],"wp:featuredmedia":[{"embeddable":true,"href":"https:\/\/www.terme-topolsica.si\/de\/wp-json\/wp\/v2\/media\/22603"}],"wp:attachment":[{"href":"https:\/\/www.terme-topolsica.si\/de\/wp-json\/wp\/v2\/media?parent=22888"}],"wp:term":[{"taxonomy":"category","embeddable":true,"href":"https:\/\/www.terme-topolsica.si\/de\/wp-json\/wp\/v2\/categories?post=22888"},{"taxonomy":"post_tag","embeddable":true,"href":"https:\/\/www.terme-topolsica.si\/de\/wp-json\/wp\/v2\/tags?post=22888"}],"curies":[{"name":"wp","href":"https:\/\/api.w.org\/{rel}","templated":true}]}}