{"id":22786,"date":"2025-09-18T13:44:57","date_gmt":"2025-09-18T11:44:57","guid":{"rendered":"https:\/\/www.terme-topolsica.si\/unkategorisiert\/fahrradverleih-fuer-hotelgaeste\/"},"modified":"2025-09-18T13:46:00","modified_gmt":"2025-09-18T11:46:00","slug":"fahrradverleih-fuer-hotelgaeste","status":"publish","type":"post","link":"https:\/\/www.terme-topolsica.si\/de\/nachrichten\/fahrradverleih-fuer-hotelgaeste\/","title":{"rendered":"Fahrradverleih f\u00fcr Hotelg\u00e4ste"},"content":{"rendered":"\n<p>F\u00fcr alle G\u00e4ste, die in unserem Hotel \u00fcbernachten, stehen <strong>zwei Fahrr\u00e4der<\/strong> (ein Damen- und ein Herrenrad) zum Verleih zur Verf\u00fcgung. Radfahren ist eine hervorragende M\u00f6glichkeit, Bewegung mit der Entdeckung lokaler Sehensw\u00fcrdigkeiten zu verbinden und die unber\u00fchrte Natur zu genie\u00dfen. <\/p>\n\n<p>Eine der beliebtesten Routen ist die Fahrt <strong>von Topol\u0161ica<\/strong> <strong>zum Velenje-See<\/strong>, wo Sie eine angenehme Umgebung zum Ausruhen, Spazierengehen oder Erfrischen erwartet. Die Strecke ist leicht und auch f\u00fcr Freizeitradler geeignet. Unterwegs k\u00f6nnen Sie das malerische Savinja-Tal bewundern. Von Topol\u0161ica f\u00fchrt der Weg vorbei am Bauernhof Napotnik, durch die Stadt \u0160o\u0161tanj, am Dru\u017emirje-See vorbei und weiter bis zum Velenje-See.  <\/p>\n\n<p>Weitere Ideen f\u00fcr Radausfl\u00fcge finden Sie hier:<br\/><a href=\"https:\/\/www.terme-topolsica.si\/blog\/kolesarske-poti-v-okolici-term-topolsica\/\">https:\/\/www.terme-topolsica.si\/blog\/kolesarske-poti-v-okolici-term-topolsica\/<\/a> <\/p>\n\n<p>Radfahren ist eine der nat\u00fcrlichsten Bewegungsformen \u2013 es wirkt sich positiv auf das Herz-Kreislauf-System aus, st\u00e4rkt die Ausdauer und sorgt f\u00fcr ein gutes Wohlbefinden. Bei uns k\u00f6nnen Sie einen <strong>erholsamen Urlaub mit aktiver Bewegung verbinden<\/strong> \u2013 die ideale Kombination f\u00fcr Ihre Gesundheit und Energie. <\/p>\n\n<figure class=\"wp-block-image aligncenter size-large is-resized\"><img fetchpriority=\"high\" decoding=\"async\" width=\"1024\" height=\"683\" src=\"https:\/\/www.terme-topolsica.si\/wp-content\/uploads\/2025\/08\/IMG_5015-1024x683.jpg\" alt=\"\" class=\"wp-image-21647\" style=\"width:397px;height:auto\" srcset=\"https:\/\/www.terme-topolsica.si\/wp-content\/uploads\/2025\/08\/IMG_5015-1024x683.jpg 1024w, https:\/\/www.terme-topolsica.si\/wp-content\/uploads\/2025\/08\/IMG_5015-300x200.jpg 300w, https:\/\/www.terme-topolsica.si\/wp-content\/uploads\/2025\/08\/IMG_5015-768x512.jpg 768w, https:\/\/www.terme-topolsica.si\/wp-content\/uploads\/2025\/08\/IMG_5015-1536x1024.jpg 1536w, https:\/\/www.terme-topolsica.si\/wp-content\/uploads\/2025\/08\/IMG_5015-600x400.jpg 600w, https:\/\/www.terme-topolsica.si\/wp-content\/uploads\/2025\/08\/IMG_5015.jpg 2048w\" sizes=\"(max-width: 1024px) 100vw, 1024px\" \/><\/figure>\n\n<p><em>Die Fahrr\u00e4der sind technisch einwandfrei, und Helme k\u00f6nnen ebenfalls ausgeliehen werden. Der Benutzer muss vorab einen Ausweis vorlegen und ein Haftungsformular ausf\u00fcllen. <\/em><\/p>\n\n<p><strong>Preisliste:<\/strong><\/p>\n\n<ul class=\"wp-block-list\">\n<li>4 Stunden: 15 EUR \/ Person<\/li>\n<\/ul>\n\n<ul class=\"wp-block-list\">\n<li>Ganzer Tag: 20 EUR \/ Person<\/li>\n<\/ul>\n\n<p><\/p>\n\n<p>Erleben Sie Terme Topol\u0161ica auf aktive und gesunde Weise \u2013 mit dem Fahrrad!<\/p>\n\n<p><\/p>\n","protected":false},"excerpt":{"rendered":"<p>F\u00fcr alle G\u00e4ste, die in unserem Hotel \u00fcbernachten, stehen zwei Fahrr\u00e4der (ein Damen- und ein Herrenrad) zum Verleih zur Verf\u00fcgung. Radfahren ist eine hervorragende M\u00f6glichkeit, Bewegung mit der Entdeckung lokaler Sehensw\u00fcrdigkeiten zu verbinden und die unber\u00fchrte Natur zu genie\u00dfen. Eine der beliebtesten Routen ist die Fahrt von Topol\u0161ica zum Velenje-See, wo Sie eine angenehme Umgebung [&hellip;]<\/p>\n","protected":false},"author":36,"featured_media":21645,"comment_status":"closed","ping_status":"open","sticky":false,"template":"","format":"standard","meta":{"footnotes":""},"categories":[146],"tags":[],"class_list":["post-22786","post","type-post","status-publish","format-standard","has-post-thumbnail","hentry","category-nachrichten"],"yoast_head":"<!-- This site is optimized with the Yoast SEO plugin v26.9 - https:\/\/yoast.com\/product\/yoast-seo-wordpress\/ -->\n<title>Fahrradverleih f\u00fcr Hotelg\u00e4ste - Terme Topol\u0161ica<\/title>\n<meta name=\"description\" content=\"F\u00fcr alle Hotelg\u00e4ste stehen zwei Fahrr\u00e4der (Damen- und Herrenrad) zur Verf\u00fcgung \u2013 eine gro\u00dfartige Gelegenheit, Erholung und Bewegung zu verbinden.\" \/>\n<meta name=\"robots\" content=\"index, follow, max-snippet:-1, max-image-preview:large, max-video-preview:-1\" \/>\n<link rel=\"canonical\" href=\"https:\/\/www.terme-topolsica.si\/de\/nachrichten\/fahrradverleih-fuer-hotelgaeste\/\" \/>\n<meta property=\"og:locale\" content=\"de_DE\" \/>\n<meta property=\"og:type\" content=\"article\" \/>\n<meta property=\"og:title\" content=\"Fahrradverleih f\u00fcr Hotelg\u00e4ste - Terme Topol\u0161ica\" \/>\n<meta property=\"og:description\" content=\"F\u00fcr alle Hotelg\u00e4ste stehen zwei Fahrr\u00e4der (Damen- und Herrenrad) zur Verf\u00fcgung \u2013 eine gro\u00dfartige Gelegenheit, Erholung und Bewegung zu verbinden.\" \/>\n<meta property=\"og:url\" content=\"https:\/\/www.terme-topolsica.si\/de\/nachrichten\/fahrradverleih-fuer-hotelgaeste\/\" \/>\n<meta property=\"og:site_name\" content=\"Terme Topol\u0161ica\" \/>\n<meta property=\"article:publisher\" content=\"https:\/\/www.facebook.com\/TermeTopolsica\" \/>\n<meta property=\"article:published_time\" content=\"2025-09-18T11:44:57+00:00\" \/>\n<meta property=\"article:modified_time\" content=\"2025-09-18T11:46:00+00:00\" \/>\n<meta property=\"og:image\" content=\"https:\/\/www.terme-topolsica.si\/wp-content\/uploads\/2025\/08\/IMG_5013.jpg\" \/>\n\t<meta property=\"og:image:width\" content=\"1365\" \/>\n\t<meta property=\"og:image:height\" content=\"2048\" \/>\n\t<meta property=\"og:image:type\" content=\"image\/jpeg\" \/>\n<meta name=\"author\" content=\"Sabina\" \/>\n<meta name=\"twitter:card\" content=\"summary_large_image\" \/>\n<meta name=\"twitter:label1\" content=\"Verfasst von\" \/>\n\t<meta name=\"twitter:data1\" content=\"Sabina\" \/>\n\t<meta name=\"twitter:label2\" content=\"Gesch\u00e4tzte Lesezeit\" \/>\n\t<meta name=\"twitter:data2\" content=\"1\u00a0Minute\" \/>\n<script type=\"application\/ld+json\" class=\"yoast-schema-graph\">{\"@context\":\"https:\/\/schema.org\",\"@graph\":[{\"@type\":\"Article\",\"@id\":\"https:\/\/www.terme-topolsica.si\/de\/nachrichten\/fahrradverleih-fuer-hotelgaeste\/#article\",\"isPartOf\":{\"@id\":\"https:\/\/www.terme-topolsica.si\/de\/nachrichten\/fahrradverleih-fuer-hotelgaeste\/\"},\"author\":{\"name\":\"Sabina\",\"@id\":\"https:\/\/www.terme-topolsica.si\/de\/#\/schema\/person\/3a0f334793919e6badd35caf72a454c7\"},\"headline\":\"Fahrradverleih f\u00fcr Hotelg\u00e4ste\",\"datePublished\":\"2025-09-18T11:44:57+00:00\",\"dateModified\":\"2025-09-18T11:46:00+00:00\",\"mainEntityOfPage\":{\"@id\":\"https:\/\/www.terme-topolsica.si\/de\/nachrichten\/fahrradverleih-fuer-hotelgaeste\/\"},\"wordCount\":226,\"publisher\":{\"@id\":\"https:\/\/www.terme-topolsica.si\/de\/#organization\"},\"image\":{\"@id\":\"https:\/\/www.terme-topolsica.si\/de\/nachrichten\/fahrradverleih-fuer-hotelgaeste\/#primaryimage\"},\"thumbnailUrl\":\"https:\/\/www.terme-topolsica.si\/wp-content\/uploads\/2025\/08\/IMG_5013.jpg\",\"articleSection\":[\"Nachrichten\"],\"inLanguage\":\"de\"},{\"@type\":\"WebPage\",\"@id\":\"https:\/\/www.terme-topolsica.si\/de\/nachrichten\/fahrradverleih-fuer-hotelgaeste\/\",\"url\":\"https:\/\/www.terme-topolsica.si\/de\/nachrichten\/fahrradverleih-fuer-hotelgaeste\/\",\"name\":\"Fahrradverleih f\u00fcr Hotelg\u00e4ste - Terme Topol\u0161ica\",\"isPartOf\":{\"@id\":\"https:\/\/www.terme-topolsica.si\/de\/#website\"},\"primaryImageOfPage\":{\"@id\":\"https:\/\/www.terme-topolsica.si\/de\/nachrichten\/fahrradverleih-fuer-hotelgaeste\/#primaryimage\"},\"image\":{\"@id\":\"https:\/\/www.terme-topolsica.si\/de\/nachrichten\/fahrradverleih-fuer-hotelgaeste\/#primaryimage\"},\"thumbnailUrl\":\"https:\/\/www.terme-topolsica.si\/wp-content\/uploads\/2025\/08\/IMG_5013.jpg\",\"datePublished\":\"2025-09-18T11:44:57+00:00\",\"dateModified\":\"2025-09-18T11:46:00+00:00\",\"description\":\"F\u00fcr alle Hotelg\u00e4ste stehen zwei Fahrr\u00e4der (Damen- und Herrenrad) zur Verf\u00fcgung \u2013 eine gro\u00dfartige Gelegenheit, Erholung und Bewegung zu verbinden.\",\"breadcrumb\":{\"@id\":\"https:\/\/www.terme-topolsica.si\/de\/nachrichten\/fahrradverleih-fuer-hotelgaeste\/#breadcrumb\"},\"inLanguage\":\"de\",\"potentialAction\":[{\"@type\":\"ReadAction\",\"target\":[\"https:\/\/www.terme-topolsica.si\/de\/nachrichten\/fahrradverleih-fuer-hotelgaeste\/\"]}]},{\"@type\":\"ImageObject\",\"inLanguage\":\"de\",\"@id\":\"https:\/\/www.terme-topolsica.si\/de\/nachrichten\/fahrradverleih-fuer-hotelgaeste\/#primaryimage\",\"url\":\"https:\/\/www.terme-topolsica.si\/wp-content\/uploads\/2025\/08\/IMG_5013.jpg\",\"contentUrl\":\"https:\/\/www.terme-topolsica.si\/wp-content\/uploads\/2025\/08\/IMG_5013.jpg\",\"width\":1365,\"height\":2048},{\"@type\":\"BreadcrumbList\",\"@id\":\"https:\/\/www.terme-topolsica.si\/de\/nachrichten\/fahrradverleih-fuer-hotelgaeste\/#breadcrumb\",\"itemListElement\":[{\"@type\":\"ListItem\",\"position\":1,\"name\":\"Domov\",\"item\":\"https:\/\/www.terme-topolsica.si\/de\/\"},{\"@type\":\"ListItem\",\"position\":2,\"name\":\"Nachrichten\",\"item\":\"https:\/\/www.terme-topolsica.si\/de\/kategorija\/nachrichten\/\"},{\"@type\":\"ListItem\",\"position\":3,\"name\":\"Fahrradverleih f\u00fcr Hotelg\u00e4ste\"}]},{\"@type\":\"WebSite\",\"@id\":\"https:\/\/www.terme-topolsica.si\/de\/#website\",\"url\":\"https:\/\/www.terme-topolsica.si\/de\/\",\"name\":\"Terme Topol\u0161ica\",\"description\":\"Termalni oddih in edinstveno do\u017eivetje\",\"publisher\":{\"@id\":\"https:\/\/www.terme-topolsica.si\/de\/#organization\"},\"potentialAction\":[{\"@type\":\"SearchAction\",\"target\":{\"@type\":\"EntryPoint\",\"urlTemplate\":\"https:\/\/www.terme-topolsica.si\/de\/?s={search_term_string}\"},\"query-input\":{\"@type\":\"PropertyValueSpecification\",\"valueRequired\":true,\"valueName\":\"search_term_string\"}}],\"inLanguage\":\"de\"},{\"@type\":\"Organization\",\"@id\":\"https:\/\/www.terme-topolsica.si\/de\/#organization\",\"name\":\"Terme Topol\u0161ica\",\"url\":\"https:\/\/www.terme-topolsica.si\/de\/\",\"logo\":{\"@type\":\"ImageObject\",\"inLanguage\":\"de\",\"@id\":\"https:\/\/www.terme-topolsica.si\/de\/#\/schema\/logo\/image\/\",\"url\":\"https:\/\/www.terme-topolsica.si\/wp-content\/uploads\/2021\/06\/logo-terme-topolsica-1.png\",\"contentUrl\":\"https:\/\/www.terme-topolsica.si\/wp-content\/uploads\/2021\/06\/logo-terme-topolsica-1.png\",\"width\":340,\"height\":156,\"caption\":\"Terme Topol\u0161ica\"},\"image\":{\"@id\":\"https:\/\/www.terme-topolsica.si\/de\/#\/schema\/logo\/image\/\"},\"sameAs\":[\"https:\/\/www.facebook.com\/TermeTopolsica\",\"https:\/\/www.instagram.com\/termetopolsica\/\",\"https:\/\/www.linkedin.com\/company\/terme-topolsica\/\"]},{\"@type\":\"Person\",\"@id\":\"https:\/\/www.terme-topolsica.si\/de\/#\/schema\/person\/3a0f334793919e6badd35caf72a454c7\",\"name\":\"Sabina\",\"image\":{\"@type\":\"ImageObject\",\"inLanguage\":\"de\",\"@id\":\"https:\/\/www.terme-topolsica.si\/de\/#\/schema\/person\/image\/\",\"url\":\"https:\/\/secure.gravatar.com\/avatar\/bea9f3ccaff05408b514ec07bfaa6e1a186a36eae0694f715a3fb49a55fd5ad8?s=96&d=mm&r=g\",\"contentUrl\":\"https:\/\/secure.gravatar.com\/avatar\/bea9f3ccaff05408b514ec07bfaa6e1a186a36eae0694f715a3fb49a55fd5ad8?s=96&d=mm&r=g\",\"caption\":\"Sabina\"}}]}<\/script>\n<!-- \/ Yoast SEO plugin. -->","yoast_head_json":{"title":"Fahrradverleih f\u00fcr Hotelg\u00e4ste - Terme Topol\u0161ica","description":"F\u00fcr alle Hotelg\u00e4ste stehen zwei Fahrr\u00e4der (Damen- und Herrenrad) zur Verf\u00fcgung \u2013 eine gro\u00dfartige Gelegenheit, Erholung und Bewegung zu verbinden.","robots":{"index":"index","follow":"follow","max-snippet":"max-snippet:-1","max-image-preview":"max-image-preview:large","max-video-preview":"max-video-preview:-1"},"canonical":"https:\/\/www.terme-topolsica.si\/de\/nachrichten\/fahrradverleih-fuer-hotelgaeste\/","og_locale":"de_DE","og_type":"article","og_title":"Fahrradverleih f\u00fcr Hotelg\u00e4ste - Terme Topol\u0161ica","og_description":"F\u00fcr alle Hotelg\u00e4ste stehen zwei Fahrr\u00e4der (Damen- und Herrenrad) zur Verf\u00fcgung \u2013 eine gro\u00dfartige Gelegenheit, Erholung und Bewegung zu verbinden.","og_url":"https:\/\/www.terme-topolsica.si\/de\/nachrichten\/fahrradverleih-fuer-hotelgaeste\/","og_site_name":"Terme Topol\u0161ica","article_publisher":"https:\/\/www.facebook.com\/TermeTopolsica","article_published_time":"2025-09-18T11:44:57+00:00","article_modified_time":"2025-09-18T11:46:00+00:00","og_image":[{"width":1365,"height":2048,"url":"https:\/\/www.terme-topolsica.si\/wp-content\/uploads\/2025\/08\/IMG_5013.jpg","type":"image\/jpeg"}],"author":"Sabina","twitter_card":"summary_large_image","twitter_misc":{"Verfasst von":"Sabina","Gesch\u00e4tzte Lesezeit":"1\u00a0Minute"},"schema":{"@context":"https:\/\/schema.org","@graph":[{"@type":"Article","@id":"https:\/\/www.terme-topolsica.si\/de\/nachrichten\/fahrradverleih-fuer-hotelgaeste\/#article","isPartOf":{"@id":"https:\/\/www.terme-topolsica.si\/de\/nachrichten\/fahrradverleih-fuer-hotelgaeste\/"},"author":{"name":"Sabina","@id":"https:\/\/www.terme-topolsica.si\/de\/#\/schema\/person\/3a0f334793919e6badd35caf72a454c7"},"headline":"Fahrradverleih f\u00fcr Hotelg\u00e4ste","datePublished":"2025-09-18T11:44:57+00:00","dateModified":"2025-09-18T11:46:00+00:00","mainEntityOfPage":{"@id":"https:\/\/www.terme-topolsica.si\/de\/nachrichten\/fahrradverleih-fuer-hotelgaeste\/"},"wordCount":226,"publisher":{"@id":"https:\/\/www.terme-topolsica.si\/de\/#organization"},"image":{"@id":"https:\/\/www.terme-topolsica.si\/de\/nachrichten\/fahrradverleih-fuer-hotelgaeste\/#primaryimage"},"thumbnailUrl":"https:\/\/www.terme-topolsica.si\/wp-content\/uploads\/2025\/08\/IMG_5013.jpg","articleSection":["Nachrichten"],"inLanguage":"de"},{"@type":"WebPage","@id":"https:\/\/www.terme-topolsica.si\/de\/nachrichten\/fahrradverleih-fuer-hotelgaeste\/","url":"https:\/\/www.terme-topolsica.si\/de\/nachrichten\/fahrradverleih-fuer-hotelgaeste\/","name":"Fahrradverleih f\u00fcr Hotelg\u00e4ste - Terme Topol\u0161ica","isPartOf":{"@id":"https:\/\/www.terme-topolsica.si\/de\/#website"},"primaryImageOfPage":{"@id":"https:\/\/www.terme-topolsica.si\/de\/nachrichten\/fahrradverleih-fuer-hotelgaeste\/#primaryimage"},"image":{"@id":"https:\/\/www.terme-topolsica.si\/de\/nachrichten\/fahrradverleih-fuer-hotelgaeste\/#primaryimage"},"thumbnailUrl":"https:\/\/www.terme-topolsica.si\/wp-content\/uploads\/2025\/08\/IMG_5013.jpg","datePublished":"2025-09-18T11:44:57+00:00","dateModified":"2025-09-18T11:46:00+00:00","description":"F\u00fcr alle Hotelg\u00e4ste stehen zwei Fahrr\u00e4der (Damen- und Herrenrad) zur Verf\u00fcgung \u2013 eine gro\u00dfartige Gelegenheit, Erholung und Bewegung zu verbinden.","breadcrumb":{"@id":"https:\/\/www.terme-topolsica.si\/de\/nachrichten\/fahrradverleih-fuer-hotelgaeste\/#breadcrumb"},"inLanguage":"de","potentialAction":[{"@type":"ReadAction","target":["https:\/\/www.terme-topolsica.si\/de\/nachrichten\/fahrradverleih-fuer-hotelgaeste\/"]}]},{"@type":"ImageObject","inLanguage":"de","@id":"https:\/\/www.terme-topolsica.si\/de\/nachrichten\/fahrradverleih-fuer-hotelgaeste\/#primaryimage","url":"https:\/\/www.terme-topolsica.si\/wp-content\/uploads\/2025\/08\/IMG_5013.jpg","contentUrl":"https:\/\/www.terme-topolsica.si\/wp-content\/uploads\/2025\/08\/IMG_5013.jpg","width":1365,"height":2048},{"@type":"BreadcrumbList","@id":"https:\/\/www.terme-topolsica.si\/de\/nachrichten\/fahrradverleih-fuer-hotelgaeste\/#breadcrumb","itemListElement":[{"@type":"ListItem","position":1,"name":"Domov","item":"https:\/\/www.terme-topolsica.si\/de\/"},{"@type":"ListItem","position":2,"name":"Nachrichten","item":"https:\/\/www.terme-topolsica.si\/de\/kategorija\/nachrichten\/"},{"@type":"ListItem","position":3,"name":"Fahrradverleih f\u00fcr Hotelg\u00e4ste"}]},{"@type":"WebSite","@id":"https:\/\/www.terme-topolsica.si\/de\/#website","url":"https:\/\/www.terme-topolsica.si\/de\/","name":"Terme Topol\u0161ica","description":"Termalni oddih in edinstveno do\u017eivetje","publisher":{"@id":"https:\/\/www.terme-topolsica.si\/de\/#organization"},"potentialAction":[{"@type":"SearchAction","target":{"@type":"EntryPoint","urlTemplate":"https:\/\/www.terme-topolsica.si\/de\/?s={search_term_string}"},"query-input":{"@type":"PropertyValueSpecification","valueRequired":true,"valueName":"search_term_string"}}],"inLanguage":"de"},{"@type":"Organization","@id":"https:\/\/www.terme-topolsica.si\/de\/#organization","name":"Terme Topol\u0161ica","url":"https:\/\/www.terme-topolsica.si\/de\/","logo":{"@type":"ImageObject","inLanguage":"de","@id":"https:\/\/www.terme-topolsica.si\/de\/#\/schema\/logo\/image\/","url":"https:\/\/www.terme-topolsica.si\/wp-content\/uploads\/2021\/06\/logo-terme-topolsica-1.png","contentUrl":"https:\/\/www.terme-topolsica.si\/wp-content\/uploads\/2021\/06\/logo-terme-topolsica-1.png","width":340,"height":156,"caption":"Terme Topol\u0161ica"},"image":{"@id":"https:\/\/www.terme-topolsica.si\/de\/#\/schema\/logo\/image\/"},"sameAs":["https:\/\/www.facebook.com\/TermeTopolsica","https:\/\/www.instagram.com\/termetopolsica\/","https:\/\/www.linkedin.com\/company\/terme-topolsica\/"]},{"@type":"Person","@id":"https:\/\/www.terme-topolsica.si\/de\/#\/schema\/person\/3a0f334793919e6badd35caf72a454c7","name":"Sabina","image":{"@type":"ImageObject","inLanguage":"de","@id":"https:\/\/www.terme-topolsica.si\/de\/#\/schema\/person\/image\/","url":"https:\/\/secure.gravatar.com\/avatar\/bea9f3ccaff05408b514ec07bfaa6e1a186a36eae0694f715a3fb49a55fd5ad8?s=96&d=mm&r=g","contentUrl":"https:\/\/secure.gravatar.com\/avatar\/bea9f3ccaff05408b514ec07bfaa6e1a186a36eae0694f715a3fb49a55fd5ad8?s=96&d=mm&r=g","caption":"Sabina"}}]}},"_links":{"self":[{"href":"https:\/\/www.terme-topolsica.si\/de\/wp-json\/wp\/v2\/posts\/22786","targetHints":{"allow":["GET"]}}],"collection":[{"href":"https:\/\/www.terme-topolsica.si\/de\/wp-json\/wp\/v2\/posts"}],"about":[{"href":"https:\/\/www.terme-topolsica.si\/de\/wp-json\/wp\/v2\/types\/post"}],"author":[{"embeddable":true,"href":"https:\/\/www.terme-topolsica.si\/de\/wp-json\/wp\/v2\/users\/36"}],"replies":[{"embeddable":true,"href":"https:\/\/www.terme-topolsica.si\/de\/wp-json\/wp\/v2\/comments?post=22786"}],"version-history":[{"count":3,"href":"https:\/\/www.terme-topolsica.si\/de\/wp-json\/wp\/v2\/posts\/22786\/revisions"}],"predecessor-version":[{"id":22789,"href":"https:\/\/www.terme-topolsica.si\/de\/wp-json\/wp\/v2\/posts\/22786\/revisions\/22789"}],"wp:featuredmedia":[{"embeddable":true,"href":"https:\/\/www.terme-topolsica.si\/de\/wp-json\/wp\/v2\/media\/21645"}],"wp:attachment":[{"href":"https:\/\/www.terme-topolsica.si\/de\/wp-json\/wp\/v2\/media?parent=22786"}],"wp:term":[{"taxonomy":"category","embeddable":true,"href":"https:\/\/www.terme-topolsica.si\/de\/wp-json\/wp\/v2\/categories?post=22786"},{"taxonomy":"post_tag","embeddable":true,"href":"https:\/\/www.terme-topolsica.si\/de\/wp-json\/wp\/v2\/tags?post=22786"}],"curies":[{"name":"wp","href":"https:\/\/api.w.org\/{rel}","templated":true}]}}