{"id":22760,"date":"2025-08-28T13:13:14","date_gmt":"2025-08-28T13:13:14","guid":{"rendered":"https:\/\/www.terme-topolsica.si\/unkategorisiert\/fitnes-wellness-zala\/"},"modified":"2025-09-18T12:54:41","modified_gmt":"2025-09-18T10:54:41","slug":"fitnes-wellness-zala","status":"publish","type":"post","link":"https:\/\/www.terme-topolsica.si\/de\/nachrichten\/fitnes-wellness-zala\/","title":{"rendered":"NEU: Fitness im Wellnesszentrum Zala wieder ge\u00f6ffnet"},"content":{"rendered":"\n<p class=\"has-text-align-left\">Wir freuen uns, Ihnen mitteilen zu k\u00f6nnen, dass das Fitnessstudio im Wellnesszentrum Zala wieder ge\u00f6ffnet ist!<br\/>Es steht Ihnen ein modern ausgestatteter Trainingsraum zur Verf\u00fcgung, in dem Sie etwas f\u00fcr Ihre k\u00f6rperliche Fitness und Ihr Wohlbefinden tun k\u00f6nnen.<\/p>\n\n<p class=\"has-text-align-left\">Das Fitnessstudio ist <strong>sowohl f\u00fcr Hotelg\u00e4ste als auch f\u00fcr externe Besucher ge\u00f6ffnet<\/strong> \u2013 alle sind herzlich eingeladen, etwas Gutes f\u00fcr sich selbst zu tun und ihre Fitness zu verbessern.<\/p>\n\n<p class=\"has-text-align-left\">Schlie\u00dfen Sie sich uns an und machen Sie einen Schritt in Richtung eines ges\u00fcnderen Lebensstils!<\/p>\n\n<p class=\"has-text-align-left\"><strong>\u00d6ffnungszeiten:<\/strong><\/p>\n\n<p class=\"has-text-align-left\">Das Fitnessstudio ist t\u00e4glich von 9:00 bis 21:00 Uhr ge\u00f6ffnet.<\/p>\n\n<p class=\"has-text-align-left\"><strong>Preisliste:<\/strong><\/p>\n\n<ul class=\"wp-block-list\">\n<li>Einzeleintritt: 8 EUR<\/li>\n\n\n\n<li>Monatskarte: 45 EUR<\/li>\n\n\n\n<li>NEU: Monatskarte Fitness + 1h Schwimmbad: 105 EUR<\/li>\n<\/ul>\n\n<p> <\/p>\n\n<p>       <\/p>\n\n<p class=\"has-text-align-center has-text-color has-link-color wp-elements-98f74ac082dd0faf19d8b440c53be638\" style=\"color:#d76060\"><strong>SPEZIALANGEBOT IM SEPTEMBER: <\/strong><\/p>\n\n<p class=\"has-text-align-center has-text-color has-link-color wp-elements-114518c56c3d1e8ff4a4252878628536\" style=\"color:#d76060\"><strong>20 % Rabatt auf Monatskarten und 25 % Rabatt auf Halbjahreskarten.<\/strong><\/p>\n\n<p class=\"has-text-align-center\"><em>Tickets sind an der Rezeption des Hotels Vesna erh\u00e4ltlich.<\/em><\/p>\n\n<p>        <\/p>\n\n<figure class=\"wp-block-image size-large is-resized\"><img fetchpriority=\"high\" decoding=\"async\" width=\"1024\" height=\"683\" src=\"https:\/\/www.terme-topolsica.si\/wp-content\/uploads\/2025\/08\/IMG_4709-1024x683.jpg\" alt=\"\" class=\"wp-image-21582\" style=\"width:550px;height:auto\" srcset=\"https:\/\/www.terme-topolsica.si\/wp-content\/uploads\/2025\/08\/IMG_4709-1024x683.jpg 1024w, https:\/\/www.terme-topolsica.si\/wp-content\/uploads\/2025\/08\/IMG_4709-300x200.jpg 300w, https:\/\/www.terme-topolsica.si\/wp-content\/uploads\/2025\/08\/IMG_4709-768x512.jpg 768w, https:\/\/www.terme-topolsica.si\/wp-content\/uploads\/2025\/08\/IMG_4709-1536x1024.jpg 1536w, https:\/\/www.terme-topolsica.si\/wp-content\/uploads\/2025\/08\/IMG_4709-600x400.jpg 600w, https:\/\/www.terme-topolsica.si\/wp-content\/uploads\/2025\/08\/IMG_4709.jpg 2048w\" sizes=\"(max-width: 1024px) 100vw, 1024px\" \/><\/figure>\n\n<figure class=\"wp-block-image size-large is-resized\"><img decoding=\"async\" width=\"1024\" height=\"683\" src=\"https:\/\/www.terme-topolsica.si\/wp-content\/uploads\/2025\/08\/IMG_4989-1024x683.jpg\" alt=\"\" class=\"wp-image-21577\" style=\"width:552px;height:auto\" srcset=\"https:\/\/www.terme-topolsica.si\/wp-content\/uploads\/2025\/08\/IMG_4989-1024x683.jpg 1024w, https:\/\/www.terme-topolsica.si\/wp-content\/uploads\/2025\/08\/IMG_4989-300x200.jpg 300w, https:\/\/www.terme-topolsica.si\/wp-content\/uploads\/2025\/08\/IMG_4989-768x512.jpg 768w, https:\/\/www.terme-topolsica.si\/wp-content\/uploads\/2025\/08\/IMG_4989-1536x1024.jpg 1536w, https:\/\/www.terme-topolsica.si\/wp-content\/uploads\/2025\/08\/IMG_4989-600x400.jpg 600w, https:\/\/www.terme-topolsica.si\/wp-content\/uploads\/2025\/08\/IMG_4989.jpg 2048w\" sizes=\"(max-width: 1024px) 100vw, 1024px\" \/><\/figure>\n\n<figure class=\"wp-block-image size-large is-resized\"><img decoding=\"async\" width=\"1024\" height=\"683\" src=\"https:\/\/www.terme-topolsica.si\/wp-content\/uploads\/2025\/08\/IMG_4766-1024x683.jpg\" alt=\"\" class=\"wp-image-21572\" style=\"width:552px;height:auto\" srcset=\"https:\/\/www.terme-topolsica.si\/wp-content\/uploads\/2025\/08\/IMG_4766-1024x683.jpg 1024w, https:\/\/www.terme-topolsica.si\/wp-content\/uploads\/2025\/08\/IMG_4766-300x200.jpg 300w, https:\/\/www.terme-topolsica.si\/wp-content\/uploads\/2025\/08\/IMG_4766-768x512.jpg 768w, https:\/\/www.terme-topolsica.si\/wp-content\/uploads\/2025\/08\/IMG_4766-1536x1024.jpg 1536w, https:\/\/www.terme-topolsica.si\/wp-content\/uploads\/2025\/08\/IMG_4766-600x400.jpg 600w, https:\/\/www.terme-topolsica.si\/wp-content\/uploads\/2025\/08\/IMG_4766.jpg 2048w\" sizes=\"(max-width: 1024px) 100vw, 1024px\" \/><\/figure>\n\n<p><\/p>\n","protected":false},"excerpt":{"rendered":"<p>Wir freuen uns, Ihnen mitteilen zu k\u00f6nnen, dass das Fitnessstudio im Wellnesszentrum Zala wieder ge\u00f6ffnet ist!Es steht Ihnen ein modern ausgestatteter Trainingsraum zur Verf\u00fcgung, in dem Sie etwas f\u00fcr Ihre k\u00f6rperliche Fitness und Ihr Wohlbefinden tun k\u00f6nnen. Das Fitnessstudio ist sowohl f\u00fcr Hotelg\u00e4ste als auch f\u00fcr externe Besucher ge\u00f6ffnet \u2013 alle sind herzlich eingeladen, etwas [&hellip;]<\/p>\n","protected":false},"author":36,"featured_media":21556,"comment_status":"closed","ping_status":"open","sticky":false,"template":"","format":"standard","meta":{"footnotes":""},"categories":[146],"tags":[],"class_list":["post-22760","post","type-post","status-publish","format-standard","has-post-thumbnail","hentry","category-nachrichten"],"yoast_head":"<!-- This site is optimized with the Yoast SEO plugin v26.9 - https:\/\/yoast.com\/product\/yoast-seo-wordpress\/ -->\n<title>NEU: Fitness im Wellnesszentrum Zala wieder ge\u00f6ffnet - Terme Topol\u0161ica<\/title>\n<meta name=\"description\" content=\"Im Wellnesszentrum Zala steht das Fitnessstudio erneut Hotelg\u00e4sten und externen Besuchern zur Verf\u00fcgung. Machen Sie den ersten Schritt zu einem ges\u00fcnderen Lebensstil.\" \/>\n<meta name=\"robots\" content=\"index, follow, max-snippet:-1, max-image-preview:large, max-video-preview:-1\" \/>\n<link rel=\"canonical\" href=\"https:\/\/www.terme-topolsica.si\/de\/nachrichten\/fitnes-wellness-zala\/\" \/>\n<meta property=\"og:locale\" content=\"de_DE\" \/>\n<meta property=\"og:type\" content=\"article\" \/>\n<meta property=\"og:title\" content=\"NEU: Fitness im Wellnesszentrum Zala wieder ge\u00f6ffnet - Terme Topol\u0161ica\" \/>\n<meta property=\"og:description\" content=\"Im Wellnesszentrum Zala steht das Fitnessstudio erneut Hotelg\u00e4sten und externen Besuchern zur Verf\u00fcgung. Machen Sie den ersten Schritt zu einem ges\u00fcnderen Lebensstil.\" \/>\n<meta property=\"og:url\" content=\"https:\/\/www.terme-topolsica.si\/de\/nachrichten\/fitnes-wellness-zala\/\" \/>\n<meta property=\"og:site_name\" content=\"Terme Topol\u0161ica\" \/>\n<meta property=\"article:publisher\" content=\"https:\/\/www.facebook.com\/TermeTopolsica\" \/>\n<meta property=\"article:published_time\" content=\"2025-08-28T13:13:14+00:00\" \/>\n<meta property=\"article:modified_time\" content=\"2025-09-18T10:54:41+00:00\" \/>\n<meta property=\"og:image\" content=\"https:\/\/www.terme-topolsica.si\/wp-content\/uploads\/2025\/08\/IMG_2007-scaled.webp\" \/>\n\t<meta property=\"og:image:width\" content=\"1536\" \/>\n\t<meta property=\"og:image:height\" content=\"2048\" \/>\n\t<meta property=\"og:image:type\" content=\"image\/webp\" \/>\n<meta name=\"author\" content=\"Sabina\" \/>\n<meta name=\"twitter:card\" content=\"summary_large_image\" \/>\n<meta name=\"twitter:label1\" content=\"Verfasst von\" \/>\n\t<meta name=\"twitter:data1\" content=\"Sabina\" \/>\n\t<meta name=\"twitter:label2\" content=\"Gesch\u00e4tzte Lesezeit\" \/>\n\t<meta name=\"twitter:data2\" content=\"1\u00a0Minute\" \/>\n<script type=\"application\/ld+json\" class=\"yoast-schema-graph\">{\"@context\":\"https:\/\/schema.org\",\"@graph\":[{\"@type\":\"Article\",\"@id\":\"https:\/\/www.terme-topolsica.si\/de\/nachrichten\/fitnes-wellness-zala\/#article\",\"isPartOf\":{\"@id\":\"https:\/\/www.terme-topolsica.si\/de\/nachrichten\/fitnes-wellness-zala\/\"},\"author\":{\"name\":\"Sabina\",\"@id\":\"https:\/\/www.terme-topolsica.si\/de\/#\/schema\/person\/3a0f334793919e6badd35caf72a454c7\"},\"headline\":\"NEU: Fitness im Wellnesszentrum Zala wieder ge\u00f6ffnet\",\"datePublished\":\"2025-08-28T13:13:14+00:00\",\"dateModified\":\"2025-09-18T10:54:41+00:00\",\"mainEntityOfPage\":{\"@id\":\"https:\/\/www.terme-topolsica.si\/de\/nachrichten\/fitnes-wellness-zala\/\"},\"wordCount\":144,\"publisher\":{\"@id\":\"https:\/\/www.terme-topolsica.si\/de\/#organization\"},\"image\":{\"@id\":\"https:\/\/www.terme-topolsica.si\/de\/nachrichten\/fitnes-wellness-zala\/#primaryimage\"},\"thumbnailUrl\":\"https:\/\/www.terme-topolsica.si\/wp-content\/uploads\/2025\/08\/IMG_2007-scaled.webp\",\"articleSection\":[\"Nachrichten\"],\"inLanguage\":\"de\"},{\"@type\":\"WebPage\",\"@id\":\"https:\/\/www.terme-topolsica.si\/de\/nachrichten\/fitnes-wellness-zala\/\",\"url\":\"https:\/\/www.terme-topolsica.si\/de\/nachrichten\/fitnes-wellness-zala\/\",\"name\":\"NEU: Fitness im Wellnesszentrum Zala wieder ge\u00f6ffnet - Terme Topol\u0161ica\",\"isPartOf\":{\"@id\":\"https:\/\/www.terme-topolsica.si\/de\/#website\"},\"primaryImageOfPage\":{\"@id\":\"https:\/\/www.terme-topolsica.si\/de\/nachrichten\/fitnes-wellness-zala\/#primaryimage\"},\"image\":{\"@id\":\"https:\/\/www.terme-topolsica.si\/de\/nachrichten\/fitnes-wellness-zala\/#primaryimage\"},\"thumbnailUrl\":\"https:\/\/www.terme-topolsica.si\/wp-content\/uploads\/2025\/08\/IMG_2007-scaled.webp\",\"datePublished\":\"2025-08-28T13:13:14+00:00\",\"dateModified\":\"2025-09-18T10:54:41+00:00\",\"description\":\"Im Wellnesszentrum Zala steht das Fitnessstudio erneut Hotelg\u00e4sten und externen Besuchern zur Verf\u00fcgung. Machen Sie den ersten Schritt zu einem ges\u00fcnderen Lebensstil.\",\"breadcrumb\":{\"@id\":\"https:\/\/www.terme-topolsica.si\/de\/nachrichten\/fitnes-wellness-zala\/#breadcrumb\"},\"inLanguage\":\"de\",\"potentialAction\":[{\"@type\":\"ReadAction\",\"target\":[\"https:\/\/www.terme-topolsica.si\/de\/nachrichten\/fitnes-wellness-zala\/\"]}]},{\"@type\":\"ImageObject\",\"inLanguage\":\"de\",\"@id\":\"https:\/\/www.terme-topolsica.si\/de\/nachrichten\/fitnes-wellness-zala\/#primaryimage\",\"url\":\"https:\/\/www.terme-topolsica.si\/wp-content\/uploads\/2025\/08\/IMG_2007-scaled.webp\",\"contentUrl\":\"https:\/\/www.terme-topolsica.si\/wp-content\/uploads\/2025\/08\/IMG_2007-scaled.webp\",\"width\":1536,\"height\":2048},{\"@type\":\"BreadcrumbList\",\"@id\":\"https:\/\/www.terme-topolsica.si\/de\/nachrichten\/fitnes-wellness-zala\/#breadcrumb\",\"itemListElement\":[{\"@type\":\"ListItem\",\"position\":1,\"name\":\"Domov\",\"item\":\"https:\/\/www.terme-topolsica.si\/de\/\"},{\"@type\":\"ListItem\",\"position\":2,\"name\":\"Nachrichten\",\"item\":\"https:\/\/www.terme-topolsica.si\/de\/kategorija\/nachrichten\/\"},{\"@type\":\"ListItem\",\"position\":3,\"name\":\"NEU: Fitness im Wellnesszentrum Zala wieder ge\u00f6ffnet\"}]},{\"@type\":\"WebSite\",\"@id\":\"https:\/\/www.terme-topolsica.si\/de\/#website\",\"url\":\"https:\/\/www.terme-topolsica.si\/de\/\",\"name\":\"Terme Topol\u0161ica\",\"description\":\"Termalni oddih in edinstveno do\u017eivetje\",\"publisher\":{\"@id\":\"https:\/\/www.terme-topolsica.si\/de\/#organization\"},\"potentialAction\":[{\"@type\":\"SearchAction\",\"target\":{\"@type\":\"EntryPoint\",\"urlTemplate\":\"https:\/\/www.terme-topolsica.si\/de\/?s={search_term_string}\"},\"query-input\":{\"@type\":\"PropertyValueSpecification\",\"valueRequired\":true,\"valueName\":\"search_term_string\"}}],\"inLanguage\":\"de\"},{\"@type\":\"Organization\",\"@id\":\"https:\/\/www.terme-topolsica.si\/de\/#organization\",\"name\":\"Terme Topol\u0161ica\",\"url\":\"https:\/\/www.terme-topolsica.si\/de\/\",\"logo\":{\"@type\":\"ImageObject\",\"inLanguage\":\"de\",\"@id\":\"https:\/\/www.terme-topolsica.si\/de\/#\/schema\/logo\/image\/\",\"url\":\"https:\/\/www.terme-topolsica.si\/wp-content\/uploads\/2021\/06\/logo-terme-topolsica-1.png\",\"contentUrl\":\"https:\/\/www.terme-topolsica.si\/wp-content\/uploads\/2021\/06\/logo-terme-topolsica-1.png\",\"width\":340,\"height\":156,\"caption\":\"Terme Topol\u0161ica\"},\"image\":{\"@id\":\"https:\/\/www.terme-topolsica.si\/de\/#\/schema\/logo\/image\/\"},\"sameAs\":[\"https:\/\/www.facebook.com\/TermeTopolsica\",\"https:\/\/www.instagram.com\/termetopolsica\/\",\"https:\/\/www.linkedin.com\/company\/terme-topolsica\/\"]},{\"@type\":\"Person\",\"@id\":\"https:\/\/www.terme-topolsica.si\/de\/#\/schema\/person\/3a0f334793919e6badd35caf72a454c7\",\"name\":\"Sabina\",\"image\":{\"@type\":\"ImageObject\",\"inLanguage\":\"de\",\"@id\":\"https:\/\/www.terme-topolsica.si\/de\/#\/schema\/person\/image\/\",\"url\":\"https:\/\/secure.gravatar.com\/avatar\/bea9f3ccaff05408b514ec07bfaa6e1a186a36eae0694f715a3fb49a55fd5ad8?s=96&d=mm&r=g\",\"contentUrl\":\"https:\/\/secure.gravatar.com\/avatar\/bea9f3ccaff05408b514ec07bfaa6e1a186a36eae0694f715a3fb49a55fd5ad8?s=96&d=mm&r=g\",\"caption\":\"Sabina\"}}]}<\/script>\n<!-- \/ Yoast SEO plugin. -->","yoast_head_json":{"title":"NEU: Fitness im Wellnesszentrum Zala wieder ge\u00f6ffnet - Terme Topol\u0161ica","description":"Im Wellnesszentrum Zala steht das Fitnessstudio erneut Hotelg\u00e4sten und externen Besuchern zur Verf\u00fcgung. Machen Sie den ersten Schritt zu einem ges\u00fcnderen Lebensstil.","robots":{"index":"index","follow":"follow","max-snippet":"max-snippet:-1","max-image-preview":"max-image-preview:large","max-video-preview":"max-video-preview:-1"},"canonical":"https:\/\/www.terme-topolsica.si\/de\/nachrichten\/fitnes-wellness-zala\/","og_locale":"de_DE","og_type":"article","og_title":"NEU: Fitness im Wellnesszentrum Zala wieder ge\u00f6ffnet - Terme Topol\u0161ica","og_description":"Im Wellnesszentrum Zala steht das Fitnessstudio erneut Hotelg\u00e4sten und externen Besuchern zur Verf\u00fcgung. Machen Sie den ersten Schritt zu einem ges\u00fcnderen Lebensstil.","og_url":"https:\/\/www.terme-topolsica.si\/de\/nachrichten\/fitnes-wellness-zala\/","og_site_name":"Terme Topol\u0161ica","article_publisher":"https:\/\/www.facebook.com\/TermeTopolsica","article_published_time":"2025-08-28T13:13:14+00:00","article_modified_time":"2025-09-18T10:54:41+00:00","og_image":[{"width":1536,"height":2048,"url":"https:\/\/www.terme-topolsica.si\/wp-content\/uploads\/2025\/08\/IMG_2007-scaled.webp","type":"image\/webp"}],"author":"Sabina","twitter_card":"summary_large_image","twitter_misc":{"Verfasst von":"Sabina","Gesch\u00e4tzte Lesezeit":"1\u00a0Minute"},"schema":{"@context":"https:\/\/schema.org","@graph":[{"@type":"Article","@id":"https:\/\/www.terme-topolsica.si\/de\/nachrichten\/fitnes-wellness-zala\/#article","isPartOf":{"@id":"https:\/\/www.terme-topolsica.si\/de\/nachrichten\/fitnes-wellness-zala\/"},"author":{"name":"Sabina","@id":"https:\/\/www.terme-topolsica.si\/de\/#\/schema\/person\/3a0f334793919e6badd35caf72a454c7"},"headline":"NEU: Fitness im Wellnesszentrum Zala wieder ge\u00f6ffnet","datePublished":"2025-08-28T13:13:14+00:00","dateModified":"2025-09-18T10:54:41+00:00","mainEntityOfPage":{"@id":"https:\/\/www.terme-topolsica.si\/de\/nachrichten\/fitnes-wellness-zala\/"},"wordCount":144,"publisher":{"@id":"https:\/\/www.terme-topolsica.si\/de\/#organization"},"image":{"@id":"https:\/\/www.terme-topolsica.si\/de\/nachrichten\/fitnes-wellness-zala\/#primaryimage"},"thumbnailUrl":"https:\/\/www.terme-topolsica.si\/wp-content\/uploads\/2025\/08\/IMG_2007-scaled.webp","articleSection":["Nachrichten"],"inLanguage":"de"},{"@type":"WebPage","@id":"https:\/\/www.terme-topolsica.si\/de\/nachrichten\/fitnes-wellness-zala\/","url":"https:\/\/www.terme-topolsica.si\/de\/nachrichten\/fitnes-wellness-zala\/","name":"NEU: Fitness im Wellnesszentrum Zala wieder ge\u00f6ffnet - Terme Topol\u0161ica","isPartOf":{"@id":"https:\/\/www.terme-topolsica.si\/de\/#website"},"primaryImageOfPage":{"@id":"https:\/\/www.terme-topolsica.si\/de\/nachrichten\/fitnes-wellness-zala\/#primaryimage"},"image":{"@id":"https:\/\/www.terme-topolsica.si\/de\/nachrichten\/fitnes-wellness-zala\/#primaryimage"},"thumbnailUrl":"https:\/\/www.terme-topolsica.si\/wp-content\/uploads\/2025\/08\/IMG_2007-scaled.webp","datePublished":"2025-08-28T13:13:14+00:00","dateModified":"2025-09-18T10:54:41+00:00","description":"Im Wellnesszentrum Zala steht das Fitnessstudio erneut Hotelg\u00e4sten und externen Besuchern zur Verf\u00fcgung. Machen Sie den ersten Schritt zu einem ges\u00fcnderen Lebensstil.","breadcrumb":{"@id":"https:\/\/www.terme-topolsica.si\/de\/nachrichten\/fitnes-wellness-zala\/#breadcrumb"},"inLanguage":"de","potentialAction":[{"@type":"ReadAction","target":["https:\/\/www.terme-topolsica.si\/de\/nachrichten\/fitnes-wellness-zala\/"]}]},{"@type":"ImageObject","inLanguage":"de","@id":"https:\/\/www.terme-topolsica.si\/de\/nachrichten\/fitnes-wellness-zala\/#primaryimage","url":"https:\/\/www.terme-topolsica.si\/wp-content\/uploads\/2025\/08\/IMG_2007-scaled.webp","contentUrl":"https:\/\/www.terme-topolsica.si\/wp-content\/uploads\/2025\/08\/IMG_2007-scaled.webp","width":1536,"height":2048},{"@type":"BreadcrumbList","@id":"https:\/\/www.terme-topolsica.si\/de\/nachrichten\/fitnes-wellness-zala\/#breadcrumb","itemListElement":[{"@type":"ListItem","position":1,"name":"Domov","item":"https:\/\/www.terme-topolsica.si\/de\/"},{"@type":"ListItem","position":2,"name":"Nachrichten","item":"https:\/\/www.terme-topolsica.si\/de\/kategorija\/nachrichten\/"},{"@type":"ListItem","position":3,"name":"NEU: Fitness im Wellnesszentrum Zala wieder ge\u00f6ffnet"}]},{"@type":"WebSite","@id":"https:\/\/www.terme-topolsica.si\/de\/#website","url":"https:\/\/www.terme-topolsica.si\/de\/","name":"Terme Topol\u0161ica","description":"Termalni oddih in edinstveno do\u017eivetje","publisher":{"@id":"https:\/\/www.terme-topolsica.si\/de\/#organization"},"potentialAction":[{"@type":"SearchAction","target":{"@type":"EntryPoint","urlTemplate":"https:\/\/www.terme-topolsica.si\/de\/?s={search_term_string}"},"query-input":{"@type":"PropertyValueSpecification","valueRequired":true,"valueName":"search_term_string"}}],"inLanguage":"de"},{"@type":"Organization","@id":"https:\/\/www.terme-topolsica.si\/de\/#organization","name":"Terme Topol\u0161ica","url":"https:\/\/www.terme-topolsica.si\/de\/","logo":{"@type":"ImageObject","inLanguage":"de","@id":"https:\/\/www.terme-topolsica.si\/de\/#\/schema\/logo\/image\/","url":"https:\/\/www.terme-topolsica.si\/wp-content\/uploads\/2021\/06\/logo-terme-topolsica-1.png","contentUrl":"https:\/\/www.terme-topolsica.si\/wp-content\/uploads\/2021\/06\/logo-terme-topolsica-1.png","width":340,"height":156,"caption":"Terme Topol\u0161ica"},"image":{"@id":"https:\/\/www.terme-topolsica.si\/de\/#\/schema\/logo\/image\/"},"sameAs":["https:\/\/www.facebook.com\/TermeTopolsica","https:\/\/www.instagram.com\/termetopolsica\/","https:\/\/www.linkedin.com\/company\/terme-topolsica\/"]},{"@type":"Person","@id":"https:\/\/www.terme-topolsica.si\/de\/#\/schema\/person\/3a0f334793919e6badd35caf72a454c7","name":"Sabina","image":{"@type":"ImageObject","inLanguage":"de","@id":"https:\/\/www.terme-topolsica.si\/de\/#\/schema\/person\/image\/","url":"https:\/\/secure.gravatar.com\/avatar\/bea9f3ccaff05408b514ec07bfaa6e1a186a36eae0694f715a3fb49a55fd5ad8?s=96&d=mm&r=g","contentUrl":"https:\/\/secure.gravatar.com\/avatar\/bea9f3ccaff05408b514ec07bfaa6e1a186a36eae0694f715a3fb49a55fd5ad8?s=96&d=mm&r=g","caption":"Sabina"}}]}},"_links":{"self":[{"href":"https:\/\/www.terme-topolsica.si\/de\/wp-json\/wp\/v2\/posts\/22760","targetHints":{"allow":["GET"]}}],"collection":[{"href":"https:\/\/www.terme-topolsica.si\/de\/wp-json\/wp\/v2\/posts"}],"about":[{"href":"https:\/\/www.terme-topolsica.si\/de\/wp-json\/wp\/v2\/types\/post"}],"author":[{"embeddable":true,"href":"https:\/\/www.terme-topolsica.si\/de\/wp-json\/wp\/v2\/users\/36"}],"replies":[{"embeddable":true,"href":"https:\/\/www.terme-topolsica.si\/de\/wp-json\/wp\/v2\/comments?post=22760"}],"version-history":[{"count":2,"href":"https:\/\/www.terme-topolsica.si\/de\/wp-json\/wp\/v2\/posts\/22760\/revisions"}],"predecessor-version":[{"id":22767,"href":"https:\/\/www.terme-topolsica.si\/de\/wp-json\/wp\/v2\/posts\/22760\/revisions\/22767"}],"wp:featuredmedia":[{"embeddable":true,"href":"https:\/\/www.terme-topolsica.si\/de\/wp-json\/wp\/v2\/media\/21556"}],"wp:attachment":[{"href":"https:\/\/www.terme-topolsica.si\/de\/wp-json\/wp\/v2\/media?parent=22760"}],"wp:term":[{"taxonomy":"category","embeddable":true,"href":"https:\/\/www.terme-topolsica.si\/de\/wp-json\/wp\/v2\/categories?post=22760"},{"taxonomy":"post_tag","embeddable":true,"href":"https:\/\/www.terme-topolsica.si\/de\/wp-json\/wp\/v2\/tags?post=22760"}],"curies":[{"name":"wp","href":"https:\/\/api.w.org\/{rel}","templated":true}]}}